{"id":121654,"date":"2025-10-22T12:10:35","date_gmt":"2025-10-22T12:10:35","guid":{"rendered":"https:\/\/www.europesays.com\/pt\/121654\/"},"modified":"2025-10-22T12:10:35","modified_gmt":"2025-10-22T12:10:35","slug":"aviso-para-os-amantes-de-blazers-primark-segue-uma-das-grandes-tendencias","status":"publish","type":"post","link":"https:\/\/www.europesays.com\/pt\/121654\/","title":{"rendered":"Aviso para os amantes de blazers: Primark segue uma das grandes tend\u00eancias"},"content":{"rendered":"<p>Quem est\u00e1 feliz por ter chegado o outono, fica tamb\u00e9m radiante com a possibilidade de usar casacos, blazers, camisas e outras pe\u00e7as de roupa mais quentes. E, j\u00e1 agora, pe\u00e7as que sigam as tend\u00eancias de moda. \u00c9 o caso com o blazer que encontr\u00e1mos na Primark.\u00a0<\/p>\n<p>A pele (ou o efeito pele) \u00e9 uma das tend\u00eancias do momento, tendo aparecido nas cole\u00e7\u00f5es de marcas como a Herm\u00e8s, que exibiu casacos, vestidos e cal\u00e7as em couro de tons escuros na\u00a0cole\u00e7\u00e3o FW25; da Fendi, que desenhou\u00a0vestidos e saias de couro para o outono e inverno; ou da\u00a0Balenciaga e dos seus bombers em pele da cole\u00e7\u00e3o outono\/inverno 2025.<\/p>\n<p>Em alternativa \u00e0s grandes marcas, a nova proposta da Primark em efeito pele convence-nos a seguir a tend\u00eancia da esta\u00e7\u00e3o.<\/p>\n<p>Falamos de um blazer preto, comprimento m\u00e9dio e gola de lapela. Esta pe\u00e7a fica bem com jeans ou qualquer uma das <a href=\"https:\/\/versa.iol.pt\/_preview\/artigo\/675c0e78d34ea1acf271c9f4\" target=\"_blank\" rel=\"nofollow noopener\">cal\u00e7as tend\u00eancia do ano<\/a>, mostrando-se vers\u00e1til para os looks do dia a dia.\u00a0<\/p>\n<p>Resta saber o valor. O <a href=\"https:\/\/www.primark.com\/pt-pt\/p\/blazer-botao-pu-preto-991154034804\" target=\"_blank\" rel=\"nofollow noopener\">blazer est\u00e1 \u00e0 venda na Primark por \u20ac36.<\/a><\/p>\n<p>\u00c9 ou n\u00e3o uma boa aposta? Se uma n\u00e3o te chega, mostramos muitos mais casacos na galeria de imagens.\u00a0<\/p>\n","protected":false},"excerpt":{"rendered":"Quem est\u00e1 feliz por ter chegado o outono, fica tamb\u00e9m radiante com a possibilidade de usar casacos, blazers,&hellip;\n","protected":false},"author":2,"featured_media":121655,"comment_status":"","ping_status":"","sticky":false,"template":"","format":"standard","meta":{"footnotes":""},"categories":[85],"tags":[1081,21075,17770,204,114,115,754,186,1079,32,17447,33,1078,1080],"class_list":{"0":"post-121654","1":"post","2":"type-post","3":"status-publish","4":"format-standard","5":"has-post-thumbnail","7":"category-entretenimento","8":"tag-beleza","9":"tag-blazer","10":"tag-casaco","11":"tag-design","12":"tag-entertainment","13":"tag-entretenimento","14":"tag-gastronomia","15":"tag-lifestyle","16":"tag-moda","17":"tag-portugal","18":"tag-primark","19":"tag-pt","20":"tag-versa","21":"tag-viagens"},"share_on_mastodon":{"url":"https:\/\/pubeurope.com\/@pt\/115417751517798607","error":""},"_links":{"self":[{"href":"https:\/\/www.europesays.com\/pt\/wp-json\/wp\/v2\/posts\/121654","targetHints":{"allow":["GET"]}}],"collection":[{"href":"https:\/\/www.europesays.com\/pt\/wp-json\/wp\/v2\/posts"}],"about":[{"href":"https:\/\/www.europesays.com\/pt\/wp-json\/wp\/v2\/types\/post"}],"author":[{"embeddable":true,"href":"https:\/\/www.europesays.com\/pt\/wp-json\/wp\/v2\/users\/2"}],"replies":[{"embeddable":true,"href":"https:\/\/www.europesays.com\/pt\/wp-json\/wp\/v2\/comments?post=121654"}],"version-history":[{"count":0,"href":"https:\/\/www.europesays.com\/pt\/wp-json\/wp\/v2\/posts\/121654\/revisions"}],"wp:featuredmedia":[{"embeddable":true,"href":"https:\/\/www.europesays.com\/pt\/wp-json\/wp\/v2\/media\/121655"}],"wp:attachment":[{"href":"https:\/\/www.europesays.com\/pt\/wp-json\/wp\/v2\/media?parent=121654"}],"wp:term":[{"taxonomy":"category","embeddable":true,"href":"https:\/\/www.europesays.com\/pt\/wp-json\/wp\/v2\/categories?post=121654"},{"taxonomy":"post_tag","embeddable":true,"href":"https:\/\/www.europesays.com\/pt\/wp-json\/wp\/v2\/tags?post=121654"}],"curies":[{"name":"wp","href":"https:\/\/api.w.org\/{rel}","templated":true}]}}