{"id":121658,"date":"2025-10-22T12:13:07","date_gmt":"2025-10-22T12:13:07","guid":{"rendered":"https:\/\/www.europesays.com\/pt\/121658\/"},"modified":"2025-10-22T12:13:07","modified_gmt":"2025-10-22T12:13:07","slug":"jornalistas-andrzej-poczobut-e-mzia-amaglobeli-galardoados-com-premio-sakharov-de-2025","status":"publish","type":"post","link":"https:\/\/www.europesays.com\/pt\/121658\/","title":{"rendered":"Jornalistas Andrzej Poczobut e Mzia Amaglobeli galardoados com Pr\u00e9mio Sakharov de 2025"},"content":{"rendered":"<p>&#13;<br \/>\n<b>&#8220;Ambos s\u00e3o jornalistas atualmente presos (&#8230;) simplesmente por fazerem o seu trabalho e denunciarem injusti\u00e7as e lutarem pela liberdade e pela democracia&#8221;<\/b>, declarou a presidente do Parlamento Europeu, ao anunciar os galardoados.&#13;\n<\/p>\n<p>Os dois jornalistas, detidos na Bielorr\u00fassia e na Ge\u00f3rgia, s\u00e3o os laureados do Pr\u00e9mio Sakharov para a Liberdade de Pensamento de 2025, que ser\u00e1 entregue no dia 16 de dezembro.<\/p>\n<p>\u201cAo atribuir o Pr\u00e9mio Sakharov para a Liberdade de Pensamento deste ano a Andrzej Poczobut, da Bielorr\u00fassia, e a Mzia Amaglobeli, da Ge\u00f3rgia, prestamos homenagem a dois jornalistas cuja coragem brilha como um farol para todos os que se recusam a ser silenciados&#8221;, afirmou Roberta Metsola. <br \/>&#13;<br \/>\n<b><br \/>&#13;<br \/>\n&#8220;Ambos pagaram um pre\u00e7o elevado por dizer a verdade ao poder, tornando-se s\u00edmbolos da luta pela liberdade e pela democracia. O Parlamento est\u00e1 ao seu lado e ao lado de todos aqueles que continuam a exigir liberdade\u201d.<\/b>&#13;\n<\/p>\n<p>&#13;<br \/>\nO Parlamento Europeu, fez quest\u00e3o de frisar, &#8220;est\u00e1 com eles e com todos os que continuam a exigir liberdade&#8221;.&#13;\n<\/p>\n<blockquote class=\"twitter-tweet\"><p>&#13;<\/p>\n<p lang=\"en\" dir=\"ltr\">&#13;<br \/>\n\tThe 2025 Sakharov Prize for Freedom of Thought goes to Belarus\u2019 Andrzej Poczobut and Georgia\u2019s Mzia Amaglobeli.<\/p>\n<p>The courage of these journalists in speaking out against injustice, even behind bars, stands as a powerful symbol of freedom and democracy.<br \/>&#13;<br \/>\n\t<a href=\"https:\/\/t.co\/FFneVfm4K0\" rel=\"nofollow\">https:\/\/t.co\/FFneVfm4K0<\/a>&#13;\n\t<\/p>\n<p>&#13;<br \/>\n\t\u2014 Roberta Metsola (@EP_President) <a href=\"https:\/\/twitter.com\/EP_President\/status\/1980940514875548046?ref_src=twsrc%5Etfw\" rel=\"nofollow noopener\" target=\"_blank\">October 22, 2025<\/a>&#13;\n<\/p><\/blockquote>\n<p>O Parlamento Europeu \u00e9 um apoiante firme da oposi\u00e7\u00e3o democr\u00e1tica na Bielorr\u00fassia, tendo atribu\u00eddo a este movimento o Pr\u00e9mio Sakharov para a Liberdade de Pensamento em 2020. A mesma institui\u00e7\u00e3o europeia, em novembro de 2024, defendeu que a Ge\u00f3rgia devia repetir as elei\u00e7\u00f5es, ap\u00f3s a contesta\u00e7\u00e3o ao escrut\u00ednio do m\u00eas anterior. Em julho de 2025, os eurodeputados adotaram uma resolu\u00e7\u00e3o, na qual lamentavam o retrocesso democr\u00e1tico e a repress\u00e3o na Ge\u00f3rgia e notavam que o atual Governo georgiano estava a comprometer a via de ades\u00e3o do pa\u00eds \u00e0 Uni\u00e3o Europeia.\u00a0&#13;\n<\/p>\n<p>&#13;<br \/>\nJornalistas Andrzej Poczobut e Mzia Amaghlobeli<br \/>&#13;\n<\/p>\n<p><b>Andrzej Poczobut \u00e9 jornalista, ensa\u00edsta, bloguer e ativista da minoria polaca na Bielorr\u00fassia. \u00c9 um conhecido cr\u00edtico do regime de Alexander Lukashenko e autor de textos sobre hist\u00f3ria e direitos humanos<\/b>, foi muitas vezes detido, estando atualmente preso numa col\u00f3nia penal desde 2021, depois de condenado a uma pena de oito anos. <\/p>\n<p>Numa resolu\u00e7\u00e3o aprovada a 15 de mar\u00e7o de 2023, o Parlamento apelou \u00e0 liberta\u00e7\u00e3o imediata e incondicional de Andrzej Poczobut, afirmando que as acusa\u00e7\u00f5es contra ele eram &#8220;politicamente motivadas&#8221; e &#8220;visavam silenciar vozes independentes e suprimir a liberdade de express\u00e3o e de associa\u00e7\u00e3o&#8221;.<\/p>\n<p><b>Mzia Amaglobeli, jornalista georgiana e diretora dos meios de comunica\u00e7\u00e3o social em linha Batumelebi e Netgazeti, foi detida em janeiro de 2025 por ter participado em manifesta\u00e7\u00f5es antigovernamentais na Ge\u00f3rgia.<\/b> Em agosto desta ano, foi condenada a dois anos de pris\u00e3o por motivos pol\u00edticos. <\/p>\n<p><b>\u00c9 a primeira prisioneira pol\u00edtica da Ge\u00f3rgia desde a independ\u00eancia do pa\u00eds e defensora da liberdade de express\u00e3o tornou-se a figura de proa do movimento de protesto pr\u00f3-democracia da Ge\u00f3rgia, opondo-se a partido no poder \u201cSonho Georgiano\u201d desde as elei\u00e7\u00f5es contestadas de outubro de 2024.<br \/>&#13;<br \/>\n<\/b>&#13;<br \/>\n<br \/>&#13;<br \/>\nNuma resolu\u00e7\u00e3o aprovada em 19 de junho de 2025, o Parlamento Europeu apelou \u00e0 liberta\u00e7\u00e3o imediata e incondicional de Mzia Amaglobeli, condenando &#8220;os ataques sist\u00e9micos do regime do Sonho Georgiano \u00e0s institui\u00e7\u00f5es democr\u00e1ticas, \u00e0 oposi\u00e7\u00e3o pol\u00edtica, aos meios de comunica\u00e7\u00e3o social independentes, \u00e0 sociedade civil e \u00e0 independ\u00eancia do poder judicial&#8221;.&#13;\n<\/p>\n<p>&#13;<br \/>\n<b>Criado em homenagem ao f\u00edsico e dissidente pol\u00edtico sovi\u00e9tico Andrei Sakharov, o Pr\u00e9mio Sakharov para a Liberdade de Pensamento \u00e9 a mais alta distin\u00e7\u00e3o da Uni\u00e3o Europeia no dom\u00ednio dos direitos humanos.<\/b> \u00c9 atribu\u00eddo todos os anos, desde 1988, pelo Parlamento Europeu a indiv\u00edduos, grupos ou organiza\u00e7\u00f5es como reconhecimento por um trabalho de defesa dos direitos humanos, da liberdade de express\u00e3o e dos valores democr\u00e1ticos.&#13;\n<\/p>\n<p>&#13;<br \/>\nAlguns laureados com o Pr\u00e9mio Sakharov tamb\u00e9m foram distinguidos com o Pr\u00e9mio Nobel da Paz. Mais recentemente, Maria Corina Machado, laureada com o Pr\u00e9mio Sakharov em 2024 na Venezuela, foi galardoada com o Pr\u00e9mio Nobel da Paz 2025. <br \/>&#13;\n<\/p>\n<p><script async src=\"https:\/\/platform.twitter.com\/widgets.js\" charset=\"utf-8\"><\/script><\/p>\n","protected":false},"excerpt":{"rendered":"&#13; &#8220;Ambos s\u00e3o jornalistas atualmente presos (&#8230;) simplesmente por fazerem o seu trabalho e denunciarem injusti\u00e7as e lutarem&hellip;\n","protected":false},"author":2,"featured_media":121659,"comment_status":"","ping_status":"","sticky":false,"template":"","format":"standard","meta":{"footnotes":""},"categories":[50],"tags":[28155,2870,27,28,15,16,16960,14,8557,25,26,21,22,62,28156,12,13,19,20,8118,3304,23,24,28154,17,18,29,30,31,63,64,65],"class_list":{"0":"post-121658","1":"post","2":"type-post","3":"status-publish","4":"format-standard","5":"has-post-thumbnail","7":"category-mundo","8":"tag-andrzej-poczobut","9":"tag-bielorrussia","10":"tag-breaking-news","11":"tag-breakingnews","12":"tag-featured-news","13":"tag-featurednews","14":"tag-georgia","15":"tag-headlines","16":"tag-jornalistas","17":"tag-latest-news","18":"tag-latestnews","19":"tag-main-news","20":"tag-mainnews","21":"tag-mundo","22":"tag-mzia-amaglobeli","23":"tag-news","24":"tag-noticias","25":"tag-noticias-principais","26":"tag-noticiasprincipais","27":"tag-parlamento-europeu","28":"tag-premio","29":"tag-principais-noticias","30":"tag-principaisnoticias","31":"tag-sakharov","32":"tag-top-stories","33":"tag-topstories","34":"tag-ultimas","35":"tag-ultimas-noticias","36":"tag-ultimasnoticias","37":"tag-world","38":"tag-world-news","39":"tag-worldnews"},"share_on_mastodon":{"url":"","error":"Validation failed: Text character limit of 500 exceeded"},"_links":{"self":[{"href":"https:\/\/www.europesays.com\/pt\/wp-json\/wp\/v2\/posts\/121658","targetHints":{"allow":["GET"]}}],"collection":[{"href":"https:\/\/www.europesays.com\/pt\/wp-json\/wp\/v2\/posts"}],"about":[{"href":"https:\/\/www.europesays.com\/pt\/wp-json\/wp\/v2\/types\/post"}],"author":[{"embeddable":true,"href":"https:\/\/www.europesays.com\/pt\/wp-json\/wp\/v2\/users\/2"}],"replies":[{"embeddable":true,"href":"https:\/\/www.europesays.com\/pt\/wp-json\/wp\/v2\/comments?post=121658"}],"version-history":[{"count":0,"href":"https:\/\/www.europesays.com\/pt\/wp-json\/wp\/v2\/posts\/121658\/revisions"}],"wp:featuredmedia":[{"embeddable":true,"href":"https:\/\/www.europesays.com\/pt\/wp-json\/wp\/v2\/media\/121659"}],"wp:attachment":[{"href":"https:\/\/www.europesays.com\/pt\/wp-json\/wp\/v2\/media?parent=121658"}],"wp:term":[{"taxonomy":"category","embeddable":true,"href":"https:\/\/www.europesays.com\/pt\/wp-json\/wp\/v2\/categories?post=121658"},{"taxonomy":"post_tag","embeddable":true,"href":"https:\/\/www.europesays.com\/pt\/wp-json\/wp\/v2\/tags?post=121658"}],"curies":[{"name":"wp","href":"https:\/\/api.w.org\/{rel}","templated":true}]}}