{"id":121666,"date":"2025-10-22T12:19:15","date_gmt":"2025-10-22T12:19:15","guid":{"rendered":"https:\/\/www.europesays.com\/pt\/121666\/"},"modified":"2025-10-22T12:19:15","modified_gmt":"2025-10-22T12:19:15","slug":"marie-e-fares-mostram-momentos-de-amor-e-cumplicidade-apos-reconciliacao-todas-as-imagens-aqui-secret-story","status":"publish","type":"post","link":"https:\/\/www.europesays.com\/pt\/121666\/","title":{"rendered":"Marie e Fares mostram momentos de amor e cumplicidade ap\u00f3s reconcilia\u00e7\u00e3o: Todas as imagens aqui &#8211; Secret Story"},"content":{"rendered":"<p>\n                    Marie e Fares voltaram a estar juntos e partilham imagens que revelam amor e cumplicidade. Veja a galeria que mostra o lado mais rom\u00e2ntico do casal.\n                <\/p>\n<p data-end=\"577\" data-start=\"269\">Depois de confirmar a reconcilia\u00e7\u00e3o com Fares, <strong data-end=\"362\" data-start=\"316\">Marie vive uma fase de amor e cumplicidade<\/strong> que faz quest\u00e3o de partilhar com os seguidores. A ex-concorrente dos reality shows da TVI tem mostrado o seu lado mais rom\u00e2ntico nas redes sociais, publicando imagens que espelham felicidade, uni\u00e3o e supera\u00e7\u00e3o.<\/p>\n<p data-end=\"800\" data-start=\"579\">Nas fotografias, <strong data-end=\"647\" data-start=\"596\">Marie e Fares surgem mais pr\u00f3ximos do que nunca<\/strong>, trocando olhares c\u00famplices, abra\u00e7os e gestos de ternura.\u00a0<\/p>\n<p data-end=\"1007\" data-start=\"802\">Entre beijos, sorrisos e momentos a dois, <strong data-end=\"920\" data-start=\"844\">as imagens mostram o reencontro de dois cora\u00e7\u00f5es que decidiram recome\u00e7ar<\/strong>, deixando para tr\u00e1s as pol\u00e9micas e concentrando-se no que realmente importa: o amor.<\/p>\n","protected":false},"excerpt":{"rendered":"Marie e Fares voltaram a estar juntos e partilham imagens que revelam amor e cumplicidade. Veja a galeria&hellip;\n","protected":false},"author":2,"featured_media":121667,"comment_status":"","ping_status":"","sticky":false,"template":"","format":"standard","meta":{"footnotes":""},"categories":[142],"tags":[18706,114,115,18705,15206,356,32,33,151,18704],"class_list":{"0":"post-121666","1":"post","2":"type-post","3":"status-publish","4":"format-standard","5":"has-post-thumbnail","7":"category-tv","8":"tag-bastidores-secret-story","9":"tag-entertainment","10":"tag-entretenimento","11":"tag-entrevistas-concorrentes-tvi","12":"tag-fares","13":"tag-marie","14":"tag-portugal","15":"tag-pt","16":"tag-tv","17":"tag-vida-fora-da-casa"},"share_on_mastodon":{"url":"https:\/\/pubeurope.com\/@pt\/115417786765876343","error":""},"_links":{"self":[{"href":"https:\/\/www.europesays.com\/pt\/wp-json\/wp\/v2\/posts\/121666","targetHints":{"allow":["GET"]}}],"collection":[{"href":"https:\/\/www.europesays.com\/pt\/wp-json\/wp\/v2\/posts"}],"about":[{"href":"https:\/\/www.europesays.com\/pt\/wp-json\/wp\/v2\/types\/post"}],"author":[{"embeddable":true,"href":"https:\/\/www.europesays.com\/pt\/wp-json\/wp\/v2\/users\/2"}],"replies":[{"embeddable":true,"href":"https:\/\/www.europesays.com\/pt\/wp-json\/wp\/v2\/comments?post=121666"}],"version-history":[{"count":0,"href":"https:\/\/www.europesays.com\/pt\/wp-json\/wp\/v2\/posts\/121666\/revisions"}],"wp:featuredmedia":[{"embeddable":true,"href":"https:\/\/www.europesays.com\/pt\/wp-json\/wp\/v2\/media\/121667"}],"wp:attachment":[{"href":"https:\/\/www.europesays.com\/pt\/wp-json\/wp\/v2\/media?parent=121666"}],"wp:term":[{"taxonomy":"category","embeddable":true,"href":"https:\/\/www.europesays.com\/pt\/wp-json\/wp\/v2\/categories?post=121666"},{"taxonomy":"post_tag","embeddable":true,"href":"https:\/\/www.europesays.com\/pt\/wp-json\/wp\/v2\/tags?post=121666"}],"curies":[{"name":"wp","href":"https:\/\/api.w.org\/{rel}","templated":true}]}}