{"id":121678,"date":"2025-10-22T12:32:08","date_gmt":"2025-10-22T12:32:08","guid":{"rendered":"https:\/\/www.europesays.com\/pt\/121678\/"},"modified":"2025-10-22T12:32:08","modified_gmt":"2025-10-22T12:32:08","slug":"programa-espaco-cultural-festeja-semana-nacional-do-livro-e-da-biblioteca-governo-da-paraiba","status":"publish","type":"post","link":"https:\/\/www.europesays.com\/pt\/121678\/","title":{"rendered":"Programa Espa\u00e7o Cultural festeja Semana Nacional do Livro e da Biblioteca \u2014 Governo da Para\u00edba"},"content":{"rendered":"<p align=\"justify\" style=\"text-align: justify; \">Na Semana Nacional do Livro e da Biblioteca, o programa Espa\u00e7o Cultural vai \u2018shippar\u2019 m\u00fasica e literatura. A edi\u00e7\u00e3o desta quinta-feira, dia 23, ter\u00e1 artistas da cena paraibana cantando m\u00fasicas inspiradas e baseadas em grandes escritores e poetas, como Jos\u00e9 Lins do R\u00eago, Augusto dos Anjos e L\u00facio Lins. <\/p>\n<p align=\"justify\" style=\"text-align: justify; \">Editado e apresentado pelo jornalista J\u00e3marr\u00ed Nogueira, o programa realizado pela Funesc vai ao ar das 22h \u00e0 meia-noite, na R\u00e1dio Tabajara (105,5 FM), \u00e0s quintas-feiras. A Semana Nacional do Livro e da Biblioteca foi institu\u00edda no dia 9 de abril de 1980 e \u00e9 celebrada de 23 a 29 outubro.<\/p>\n<p align=\"justify\" style=\"text-align: justify; \">O programa toca apenas can\u00e7\u00f5es da cena paraibana e traz informa\u00e7\u00f5es culturais da Para\u00edba, do Brasil e do mundo. Al\u00e9m da transmiss\u00e3o ao vivo na sintonia 105,5, o Espa\u00e7o Cultural tamb\u00e9m tem transmiss\u00e3o pelo site da emissora e pode ser ouvido pelo https:\/\/radiotabajara.pb.gov.br\/radio-ao-vivo\/<\/p>\n<p align=\"justify\" style=\"text-align: justify; \">O primeiro bloco reunir\u00e1 interpreta\u00e7\u00f5es de Tit\u00e1 Moura, Paulo R\u00f3, Socorro Lira, Eleonora Falcone, Chico C\u00e9sar e Gustavo Magno com base nas obras liter\u00e1rias de \u00c1guia Mendes, Vergara Filho, Maria Firmina dos Reis, L\u00facio Lins e Augusto dos Anjos. Ainda a BaianaSystem referenciando a \u2018Cantata pra Alagamar\u2019 (de Alberto Kaplan e W.J.Solha).<\/p>\n<p align=\"justify\" style=\"text-align: justify; \">O segundo bloco destacar\u00e1 o cancioneiro de C\u00e1tia de Fran\u00e7a, que apresenta influ\u00eancias liter\u00e1rias em diversos discos. A playlist ter\u00e1 m\u00fasicas da paraibana sob influ\u00eancia de Jos\u00e9 Lins do R\u00eago (que rendeu, inclusive, um disco especial sobre o ciclo da cana-de-a\u00e7\u00facar), Manoel de Barros, Guimar\u00e3es Rosa e Graciliano Ramos.<\/p>\n<p align=\"justify\" style=\"text-align: justify; \">No terceiro e quarto blocos, can\u00e7\u00f5es de um CD tributo ao escritor paraibano Jos\u00e9 Lins do R\u00eago (produzido pela Funda\u00e7\u00e3o Espa\u00e7o Cultural da Para\u00edba \u2013 Funesc), reunindo v\u00e1rios nomes da cena paraibana, como Chico Limeira, Lucas Dourado, Sandra Bel\u00ea, Escurinho, Adeildo Vieira, Toninho Borbo, Myra Maya e Xisto Medeiros.<\/p>\n<p align=\"justify\" style=\"text-align: justify; \">Ainda m\u00fasicas da banda Tocaia da Para\u00edba (em torno de personagens de livros de Jos\u00e9 Lins do R\u00eago), can\u00e7\u00f5es da s\u00e9rie televisiva \u2018Riacho doce\u2019 (baseada na obra de Zelins) e trabalho do sambista Fernando Pellon em torno da obra do poeta paraibano Augusto dos Anjos. <\/p>\n","protected":false},"excerpt":{"rendered":"Na Semana Nacional do Livro e da Biblioteca, o programa Espa\u00e7o Cultural vai \u2018shippar\u2019 m\u00fasica e literatura. A&hellip;\n","protected":false},"author":2,"featured_media":121679,"comment_status":"","ping_status":"","sticky":false,"template":"","format":"standard","meta":{"footnotes":""},"categories":[143],"tags":[169,114,115,170,32,33],"class_list":{"0":"post-121678","1":"post","2":"type-post","3":"status-publish","4":"format-standard","5":"has-post-thumbnail","7":"category-livros","8":"tag-books","9":"tag-entertainment","10":"tag-entretenimento","11":"tag-livros","12":"tag-portugal","13":"tag-pt"},"share_on_mastodon":{"url":"https:\/\/pubeurope.com\/@pt\/115417838004376899","error":""},"_links":{"self":[{"href":"https:\/\/www.europesays.com\/pt\/wp-json\/wp\/v2\/posts\/121678","targetHints":{"allow":["GET"]}}],"collection":[{"href":"https:\/\/www.europesays.com\/pt\/wp-json\/wp\/v2\/posts"}],"about":[{"href":"https:\/\/www.europesays.com\/pt\/wp-json\/wp\/v2\/types\/post"}],"author":[{"embeddable":true,"href":"https:\/\/www.europesays.com\/pt\/wp-json\/wp\/v2\/users\/2"}],"replies":[{"embeddable":true,"href":"https:\/\/www.europesays.com\/pt\/wp-json\/wp\/v2\/comments?post=121678"}],"version-history":[{"count":0,"href":"https:\/\/www.europesays.com\/pt\/wp-json\/wp\/v2\/posts\/121678\/revisions"}],"wp:featuredmedia":[{"embeddable":true,"href":"https:\/\/www.europesays.com\/pt\/wp-json\/wp\/v2\/media\/121679"}],"wp:attachment":[{"href":"https:\/\/www.europesays.com\/pt\/wp-json\/wp\/v2\/media?parent=121678"}],"wp:term":[{"taxonomy":"category","embeddable":true,"href":"https:\/\/www.europesays.com\/pt\/wp-json\/wp\/v2\/categories?post=121678"},{"taxonomy":"post_tag","embeddable":true,"href":"https:\/\/www.europesays.com\/pt\/wp-json\/wp\/v2\/tags?post=121678"}],"curies":[{"name":"wp","href":"https:\/\/api.w.org\/{rel}","templated":true}]}}