{"id":121684,"date":"2025-10-22T12:36:17","date_gmt":"2025-10-22T12:36:17","guid":{"rendered":"https:\/\/www.europesays.com\/pt\/121684\/"},"modified":"2025-10-22T12:36:17","modified_gmt":"2025-10-22T12:36:17","slug":"oficial-aboubakar-lembras-te-fc-porto-ruma-ao-futebol-azeri","status":"publish","type":"post","link":"https:\/\/www.europesays.com\/pt\/121684\/","title":{"rendered":"OFICIAL: Aboubakar (lembras-te FC Porto?) ruma ao futebol azeri"},"content":{"rendered":"<p>O Neftchi, do Azerbaij\u00e3o, anunciou esta ter\u00e7a-feira a contrata\u00e7\u00e3o de Vincent Aboubakar, antigo avan\u00e7ado do FC Porto, durante uma temporada com mais uma de op\u00e7\u00e3o.<\/p>\n<p>O avan\u00e7ado internacional camaron\u00eas chega ao clube azeri proveniente do Hatayspor, da Turquia, onde esteve na \u00faltima temporada apontando oito golos e duas assist\u00eancias em 28 partidas realizadas.<\/p>\n<p>Aboubakar esteve ainda cinco temporadas ao servi\u00e7o do FC Porto, de 2014\/15 a 2019\/20 tendo conquistado duas Ligas portuguesas, uma Ta\u00e7a de Portugal e uma Superta\u00e7a. Pelos drag\u00f5es, o avan\u00e7ado de 33 anos fez 126 jogos, nos quais marcou por 58 ocasi\u00f5es.<\/p>\n<p>O\u00a0Neftchi est\u00e1 no oitavo lugar do campeonato azeri, com nove pontos conquistados, a dez do l\u00edder Qarabag.<\/p>\n<p><strong>Leia aqui o comunicado do Neftchi:<\/strong><\/p>\n<p>\u00abBem-vindo, Vincent Aboubakar!<\/p>\n<p>O \u00abNeft\u00e7i contratou o craque Vincent Aboubakar. O avan\u00e7ado da sele\u00e7\u00e3o nacional dos Camar\u00f5es agora faz parte da fam\u00edlia Neft\u00e7i. O jogador, que vestir\u00e1 a camisola n\u00famero 45, assinou um contrato de 1+1 ano.<\/p>\n<p>Aboubakar, cujo \u00faltimo clube foi o Hatayspor, jogou em ligas no seu pa\u00eds natal, bem como em Fran\u00e7a, Portugal, Turquia e Ar\u00e1bia Saudita. Ele conquistou o campeonato portugu\u00eas (2018, 2020), a ta\u00e7a (2020) e a Superta\u00e7a (2018) com o FC Porto, e o campeonato turco (2017, 2021), a ta\u00e7a (2021, 2024) e a Superta\u00e7a (2024) com o Be\u015fikta\u015f.<\/p>\n<p>O avan\u00e7ado, que \u00e9 capit\u00e3o da sele\u00e7\u00e3o nacional dos Camar\u00f5es, disputou 115 jogos pela sele\u00e7\u00e3o nacional, marcando 45 golos. Aboubakar conquistou a Ta\u00e7a das Na\u00e7\u00f5es Africanas com a sua sele\u00e7\u00e3o nacional em 2017 e tornou-se o melhor marcador da Liga das Na\u00e7\u00f5es Africanas com 8 golos em 2022\u00bb<\/p>\n","protected":false},"excerpt":{"rendered":"O Neftchi, do Azerbaij\u00e3o, anunciou esta ter\u00e7a-feira a contrata\u00e7\u00e3o de Vincent Aboubakar, antigo avan\u00e7ado do FC Porto, durante&hellip;\n","protected":false},"author":2,"featured_media":121685,"comment_status":"","ping_status":"","sticky":false,"template":"","format":"standard","meta":{"footnotes":""},"categories":[87],"tags":[28168,8241,135,82,46,42,41,28167,32,33,47,134,35],"class_list":{"0":"post-121684","1":"post","2":"type-post","3":"status-publish","4":"format-standard","5":"has-post-thumbnail","7":"category-desporto","8":"tag-aboubakar","9":"tag-azerbaijao","10":"tag-desporto","11":"tag-internacional","12":"tag-maisfutebol","13":"tag-mercado","14":"tag-mercado-de-transferencias","15":"tag-neftchi","16":"tag-portugal","17":"tag-pt","18":"tag-pura-paixao","19":"tag-sports","20":"tag-transferencias"},"share_on_mastodon":{"url":"https:\/\/pubeurope.com\/@pt\/115417853666851800","error":""},"_links":{"self":[{"href":"https:\/\/www.europesays.com\/pt\/wp-json\/wp\/v2\/posts\/121684","targetHints":{"allow":["GET"]}}],"collection":[{"href":"https:\/\/www.europesays.com\/pt\/wp-json\/wp\/v2\/posts"}],"about":[{"href":"https:\/\/www.europesays.com\/pt\/wp-json\/wp\/v2\/types\/post"}],"author":[{"embeddable":true,"href":"https:\/\/www.europesays.com\/pt\/wp-json\/wp\/v2\/users\/2"}],"replies":[{"embeddable":true,"href":"https:\/\/www.europesays.com\/pt\/wp-json\/wp\/v2\/comments?post=121684"}],"version-history":[{"count":0,"href":"https:\/\/www.europesays.com\/pt\/wp-json\/wp\/v2\/posts\/121684\/revisions"}],"wp:featuredmedia":[{"embeddable":true,"href":"https:\/\/www.europesays.com\/pt\/wp-json\/wp\/v2\/media\/121685"}],"wp:attachment":[{"href":"https:\/\/www.europesays.com\/pt\/wp-json\/wp\/v2\/media?parent=121684"}],"wp:term":[{"taxonomy":"category","embeddable":true,"href":"https:\/\/www.europesays.com\/pt\/wp-json\/wp\/v2\/categories?post=121684"},{"taxonomy":"post_tag","embeddable":true,"href":"https:\/\/www.europesays.com\/pt\/wp-json\/wp\/v2\/tags?post=121684"}],"curies":[{"name":"wp","href":"https:\/\/api.w.org\/{rel}","templated":true}]}}