{"id":121688,"date":"2025-10-22T12:41:50","date_gmt":"2025-10-22T12:41:50","guid":{"rendered":"https:\/\/www.europesays.com\/pt\/121688\/"},"modified":"2025-10-22T12:41:50","modified_gmt":"2025-10-22T12:41:50","slug":"portugal-favoravel-a-deixar-de-importar-gas-russo-e-pode-faze-lo-ja-em-2026","status":"publish","type":"post","link":"https:\/\/www.europesays.com\/pt\/121688\/","title":{"rendered":"Portugal favor\u00e1vel a deixar de importar g\u00e1s russo e pode faz\u00ea-lo j\u00e1 em 2026"},"content":{"rendered":"<p>&#8220;Portugal votou a favor e ficou muito contente porque foi aprovado e agora temos que ver como \u00e9 que \u00e9 feito todo o procedimento. [&#8230;] N\u00f3s temos uma grande diversidade, tanto de tipo de energia, como dos lugares de origem, como das rotas&#8221;, disse \u00e0 ag\u00eancia Lusa a ministra do Ambiente e da Energia, Maria da Gra\u00e7a Carvalho.<\/p>\n<p>&#8220;N\u00f3s importamos muito pouco, cerca de 5%, e temos uma grande diversidade, tanto do tipo de energia que utilizamos &#8211; [&#8230;] eletricidade renov\u00e1vel, h\u00eddrica, solar e e\u00f3lica, e uma parte biomassa -&#8220;, como de fornecedores, que s\u00e3o da Nig\u00e9ria, Estados Unidos e Am\u00e9rica Central&#8221;, explicou, ap\u00f3s ter participado hoje numa reuni\u00e3o dos ministros do Ambiente da Uni\u00e3o Europeia (UE), no Luxemburgo.<\/p>\n<p>A posi\u00e7\u00e3o surge um dia depois de os pa\u00edses da UE terem aprovado uma proibi\u00e7\u00e3o progressiva das importa\u00e7\u00f5es de g\u00e1s russo, por gasoduto e g\u00e1s natural liquefeito (GNL), pelo menos em 2028, iniciando-se negocia\u00e7\u00f5es com o Parlamento, que quer antecipar a data.<\/p>\n<p>&#8220;N\u00e3o estamos muito dependentes e [estamos] muito confort\u00e1veis de haver uma proibi\u00e7\u00e3o da importa\u00e7\u00e3o do g\u00e1s russo&#8221;, salientou Maria da Gra\u00e7a Carvalho.<\/p>\n<p>Questionada se Portugal estaria preparado para uma elimina\u00e7\u00e3o a partir de 2026, a ministra da Energia apontou: &#8220;Sim, por n\u00f3s, n\u00e3o tem problema se for a decis\u00e3o&#8221;.<\/p>\n<p>Com a decis\u00e3o acordada na segunda-feira pelos respons\u00e1veis europeus da tutela, est\u00e1 prevista uma elimina\u00e7\u00e3o legalmente vinculativa e progressiva das importa\u00e7\u00f5es de g\u00e1s russo pela UE, tanto por gasoduto como por GNL, para uma proibi\u00e7\u00e3o total em 01 de janeiro de 2028.<\/p>\n<p>Os ministros da UE defendem uma proibi\u00e7\u00e3o das novas importa\u00e7\u00f5es de g\u00e1s russo a partir de 01 de janeiro de 2026, mantendo contudo um per\u00edodo de transi\u00e7\u00e3o para contratos j\u00e1 em vigor, sendo que os contratos de curto prazo celebrados antes de 17 de junho de 2025 podem continuar at\u00e9 17 de junho de 2026 e que os contratos de longo prazo podem vigorar at\u00e9 01 de janeiro de 2028.<\/p>\n<p>Mais ambicioso \u00e9 o Parlamento Europeu, com o qual o Conselho vai agora iniciar negocia\u00e7\u00f5es, que quer que a UE deixe de importar g\u00e1s natural liquefeito da R\u00fassia j\u00e1 a partir de 01 de janeiro de 2026, admitindo por\u00e9m exce\u00e7\u00f5es limitadas para contratos de curta dura\u00e7\u00e3o (at\u00e9 17 de junho de 2026) e de longa dura\u00e7\u00e3o (at\u00e9 01 de janeiro de 2027), desde que celebrados antes de junho deste ano.<\/p>\n<p>Portugal \u00e9 um dos oito Estados-membros da UE que ter\u00e3o de encontrar alternativas \u00e0s importa\u00e7\u00f5es de g\u00e1s russo, dado que o pa\u00eds ainda importa GNL da R\u00fassia, embora em propor\u00e7\u00f5es relativamente pequenas.<\/p>\n<p>Em 2024, Portugal importou cerca de 49.141 GWh (gigawatt-hora) de g\u00e1s natural, dos quais aproximadamente 96% eram GNL. Do total do GNL, cerca de 4,4% teve origem na R\u00fassia.<\/p>\n<p>Al\u00e9m disso, a quota russa nas importa\u00e7\u00f5es de GNL em Portugal caiu de cerca de 15% em 2021 para 5% em 2024.<\/p>\n<p>Leia Tamb\u00e9m: <a href=\"https:\/\/www.noticiasaominuto.com\/economia\/2873215\/governo-vai-rever-estrategia-nacional-de-educacao-ambiental\" target=\"_blank\" rel=\"noopener noreferrer nofollow\">Governo vai rever Estrat\u00e9gia Nacional de Educa\u00e7\u00e3o Ambiental <\/a><\/p>\n","protected":false},"excerpt":{"rendered":"&#8220;Portugal votou a favor e ficou muito contente porque foi aprovado e agora temos que ver como \u00e9&hellip;\n","protected":false},"author":2,"featured_media":121689,"comment_status":"","ping_status":"","sticky":false,"template":"","format":"standard","meta":{"footnotes":""},"categories":[50],"tags":[27,28,15,16,14,25,26,21,22,62,12,13,19,20,23,24,17,18,29,30,31,63,64,65],"class_list":{"0":"post-121688","1":"post","2":"type-post","3":"status-publish","4":"format-standard","5":"has-post-thumbnail","7":"category-mundo","8":"tag-breaking-news","9":"tag-breakingnews","10":"tag-featured-news","11":"tag-featurednews","12":"tag-headlines","13":"tag-latest-news","14":"tag-latestnews","15":"tag-main-news","16":"tag-mainnews","17":"tag-mundo","18":"tag-news","19":"tag-noticias","20":"tag-noticias-principais","21":"tag-noticiasprincipais","22":"tag-principais-noticias","23":"tag-principaisnoticias","24":"tag-top-stories","25":"tag-topstories","26":"tag-ultimas","27":"tag-ultimas-noticias","28":"tag-ultimasnoticias","29":"tag-world","30":"tag-world-news","31":"tag-worldnews"},"share_on_mastodon":{"url":"https:\/\/pubeurope.com\/@pt\/115417877226429687","error":""},"_links":{"self":[{"href":"https:\/\/www.europesays.com\/pt\/wp-json\/wp\/v2\/posts\/121688","targetHints":{"allow":["GET"]}}],"collection":[{"href":"https:\/\/www.europesays.com\/pt\/wp-json\/wp\/v2\/posts"}],"about":[{"href":"https:\/\/www.europesays.com\/pt\/wp-json\/wp\/v2\/types\/post"}],"author":[{"embeddable":true,"href":"https:\/\/www.europesays.com\/pt\/wp-json\/wp\/v2\/users\/2"}],"replies":[{"embeddable":true,"href":"https:\/\/www.europesays.com\/pt\/wp-json\/wp\/v2\/comments?post=121688"}],"version-history":[{"count":0,"href":"https:\/\/www.europesays.com\/pt\/wp-json\/wp\/v2\/posts\/121688\/revisions"}],"wp:featuredmedia":[{"embeddable":true,"href":"https:\/\/www.europesays.com\/pt\/wp-json\/wp\/v2\/media\/121689"}],"wp:attachment":[{"href":"https:\/\/www.europesays.com\/pt\/wp-json\/wp\/v2\/media?parent=121688"}],"wp:term":[{"taxonomy":"category","embeddable":true,"href":"https:\/\/www.europesays.com\/pt\/wp-json\/wp\/v2\/categories?post=121688"},{"taxonomy":"post_tag","embeddable":true,"href":"https:\/\/www.europesays.com\/pt\/wp-json\/wp\/v2\/tags?post=121688"}],"curies":[{"name":"wp","href":"https:\/\/api.w.org\/{rel}","templated":true}]}}