{"id":12169,"date":"2025-08-01T21:49:08","date_gmt":"2025-08-01T21:49:08","guid":{"rendered":"https:\/\/www.europesays.com\/pt\/12169\/"},"modified":"2025-08-01T21:49:08","modified_gmt":"2025-08-01T21:49:08","slug":"eu-poderia-falar-sobre-pedro-pascal","status":"publish","type":"post","link":"https:\/\/www.europesays.com\/pt\/12169\/","title":{"rendered":"Eu poderia falar sobre Pedro Pascal"},"content":{"rendered":"<p><img fetchpriority=\"high\" decoding=\"async\" class=\"w-fit lg:w-full\" loading=\"eager\" src=\"https:\/\/www.europesays.com\/pt\/wp-content\/uploads\/2025\/08\/5375869_2d0477553d6a586.jpg\" title=\"F\u00e1bio Panone Lopes, especial\" alt=\"F\u00e1bio Panone Lopes, especial\" width=\"700\" height=\"477\"\/>Precisamos falar sobre combate \u00e0 viol\u00eancia contra a mulher.F\u00e1bio Panone Lopes, especial<\/p>\n<p><strong>Pedro Pascal anda onipresente<\/strong>. Da reportagem no programa dominical da \u00faltima semana, \u00e0s telonas como integrante d\u2019O Quarteto Fant\u00e1stico \u2014 quem seria mais maravilhoso \u00a0do que ele? \u2014 a capa da Vanity Fair, poucos espa\u00e7os escapam da pascalmania. Sou uma dessas. Poderia discorrer muitas linhas sobre o ator chileno criado nos Estados Unidos, que deixou o pa\u00eds de origem fugindo da ditadura de Pinochet. <strong>Sobre esse jeito sexy e meio despretensioso<\/strong> de circular pelos tapetes vermelhos mundo afora. <strong>Mas uma mulher foi espancada com 61 socos no rosto, desferidos pelo namorado dentro de um elevador em Natal.<\/strong><\/p>\n<p>Passeio no Parque dos Macaquinhos <strong>para encontrar meu afilhado<\/strong>, ele me acha a caminho do parquinho e come\u00e7amos uma rodada de divers\u00f5es pelo espa\u00e7o. Come\u00e7o a andar de balan\u00e7o, escorregador, triciclo, escuto \u201cmais forte, mais alto\u201d, <strong>fico \u201cpresa\u201d na parte de cima da gangorra<\/strong> \u2014 embora n\u00e3o tenha tirado os p\u00e9s do ch\u00e3o \u2014, tiramos selfies de l\u00edngua de fora e com gargalhadas, viro torcedora durante a partida de futebol \u201cdos grandes\u201d e espectadora para ver o arranh\u00e3o no joelho \u201cque d\u00f3i s\u00f3 um pouquinho\u201d. Poderia falar sobre como \u00e9 lindo ver uma crian\u00e7a crescer e que o olhar dela captura. <strong>Mas uma mulher foi espancada com 61 socos no rosto, desferidos pelo namorado dentro de um elevador em Natal<\/strong>.<\/p>\n<p>A Flip se aproxima, eu e Marcelo <strong>conversamos sobre o festival, falamos sobre o homenageado Leminski<\/strong>, isso de querer\/ser exatamente aquilo que a gente \u00e9\/ainda vai\/nos levar al\u00e9m. Conversamos sobre a programa\u00e7\u00e3o off Flip, o pre\u00e7o exorbitante das di\u00e1rias dos hot\u00e9is e sobre a promessa de, no pr\u00f3ximo ano, me programar para ir a Paraty nesse per\u00edodo. Eu poderia, inclusive, falar como a cidade \u00e9 m\u00e1gica e divertida. <strong>Mas uma mulher foi espancada com 61 socos no rosto, desferidos pelo namorado dentro de um elevador em Natal<\/strong>.<\/p>\n<p>N\u00e3o sou muito boa para fazer planos, <strong>prefiro rotinas sem muitos rituais, raramente planejo viagens com anteced\u00eancia<\/strong> e gosto de ser surpreendida pelo acaso. Festejo cada instante com a consci\u00eancia de que ele \u00e9 irrepet\u00edvel, <strong>sou grata pelos movimentos que me trouxeram at\u00e9 aqui<\/strong>. Poderia falar do momento feliz que estou vivendo. <strong>Mas uma mulher foi espancada com 61 socos no rosto, desferidos pelo namorado dentro de um elevador em Natal<\/strong>.<\/p>\n<p><strong>Olho para a mesa com amigas que admiro e fico feliz por ter aproximado uma da outra<\/strong>. Juntamos universos distintos que, no final das contas, s\u00e3o muito parecidos. Rimos, dan\u00e7amos e brindamos \u2014 muitas vezes. <strong>Penso no privil\u00e9gio que \u00e9 ter quem gosta da gente por perto<\/strong>, quem podemos nos espelhar, quem fica feliz de verdade com a nossa felicidade. Poderia discorrer sobre a honra de estar cercada por pessoas maravilhosas. <strong>Mas uma mulher foi espancada com 61 socos no rosto<\/strong>, desferidos pelo namorado dentro de um elevador em Natal e <strong>nada pode ser mais importante (e urgente) do que falar sobre o combate \u00e0 viol\u00eancia contra a mulher<\/strong>.<\/p>\n","protected":false},"excerpt":{"rendered":"Precisamos falar sobre combate \u00e0 viol\u00eancia contra a mulher.F\u00e1bio Panone Lopes, especial Pedro Pascal anda onipresente. Da reportagem&hellip;\n","protected":false},"author":2,"featured_media":12170,"comment_status":"","ping_status":"","sticky":false,"template":"","format":"standard","meta":{"footnotes":""},"categories":[145],"tags":[5046,211,210,5045,114,115,835,32,33],"class_list":{"0":"post-12169","1":"post","2":"type-post","3":"status-publish","4":"format-standard","5":"has-post-thumbnail","7":"category-celebridades","8":"tag-almanaque","9":"tag-celebridades","10":"tag-celebrities","11":"tag-destaque-colunistas","12":"tag-entertainment","13":"tag-entretenimento","14":"tag-opiniao","15":"tag-portugal","16":"tag-pt"},"share_on_mastodon":{"url":"","error":""},"_links":{"self":[{"href":"https:\/\/www.europesays.com\/pt\/wp-json\/wp\/v2\/posts\/12169","targetHints":{"allow":["GET"]}}],"collection":[{"href":"https:\/\/www.europesays.com\/pt\/wp-json\/wp\/v2\/posts"}],"about":[{"href":"https:\/\/www.europesays.com\/pt\/wp-json\/wp\/v2\/types\/post"}],"author":[{"embeddable":true,"href":"https:\/\/www.europesays.com\/pt\/wp-json\/wp\/v2\/users\/2"}],"replies":[{"embeddable":true,"href":"https:\/\/www.europesays.com\/pt\/wp-json\/wp\/v2\/comments?post=12169"}],"version-history":[{"count":0,"href":"https:\/\/www.europesays.com\/pt\/wp-json\/wp\/v2\/posts\/12169\/revisions"}],"wp:featuredmedia":[{"embeddable":true,"href":"https:\/\/www.europesays.com\/pt\/wp-json\/wp\/v2\/media\/12170"}],"wp:attachment":[{"href":"https:\/\/www.europesays.com\/pt\/wp-json\/wp\/v2\/media?parent=12169"}],"wp:term":[{"taxonomy":"category","embeddable":true,"href":"https:\/\/www.europesays.com\/pt\/wp-json\/wp\/v2\/categories?post=12169"},{"taxonomy":"post_tag","embeddable":true,"href":"https:\/\/www.europesays.com\/pt\/wp-json\/wp\/v2\/tags?post=12169"}],"curies":[{"name":"wp","href":"https:\/\/api.w.org\/{rel}","templated":true}]}}