{"id":121692,"date":"2025-10-22T12:47:11","date_gmt":"2025-10-22T12:47:11","guid":{"rendered":"https:\/\/www.europesays.com\/pt\/121692\/"},"modified":"2025-10-22T12:47:11","modified_gmt":"2025-10-22T12:47:11","slug":"bomba-em-secret-story-dylan-perdeu-filha-em-acidente","status":"publish","type":"post","link":"https:\/\/www.europesays.com\/pt\/121692\/","title":{"rendered":"Bomba em &#8220;Secret Story&#8221;: Dylan perdeu filha em acidente?"},"content":{"rendered":"<p>In\u00eas Gama carregou, esta ter\u00e7a-feira, dia 21, no bot\u00e3o dos segredos, apostando no enigma que <a href=\"https:\/\/selfie.iol.pt\/famosos\/dylan\/secret-story-mae-de-dylan-nao-aprova-nora-vera-e-muito-parecida-com-a-ex-namorada-dele\/20250923\/68d2807ed34ee0c2fed06bdb\" target=\"_blank\" rel=\"nofollow noopener\">Dylan Fonte<\/a> esconde dos demais concorrentes da nona edi\u00e7\u00e3o de &#8220;Secret Story &#8211; Casa dos Segredos&#8221;.<\/p>\n<p>Na sala, em frente aos restantes moradores da mans\u00e3o da Malveira, In\u00eas Gama apresentou a respetiva teoria:\u00a0&#8220;Eu e a minha ex-namorada perdemos uma filha num acidente de mota&#8221;. Marisa Susana, Marisa Pires, Ana Batista e Pedro Jorge tamb\u00e9m duvidavam que este pudesse ser o segredo de Dylan Fonte.<\/p>\n<p>Ainda assim, o participante do reality show da <a href=\"https:\/\/tvi.iol.pt\/\" target=\"_blank\" rel=\"nofollow noopener\">TVI<\/a> negou que este seja o respetivo enigma, uma informa\u00e7\u00e3o que foi confirmada pela Voz. Assim sendo, metade do dinheiro de In\u00eas Gama foi transferido para a conta do colega.<\/p>\n<p>Recorde-se que o real segredo de <a href=\"https:\/\/selfie.iol.pt\/famosos\/casa-dos-segredos-9\/emocao-em-secret-story-dylan-esconde-filho-que-sobreviveu-a-acidente\/20251008\/68e6a277d34ee0c2fed10708\" target=\"_blank\" rel=\"nofollow noopener\">Dylan Fonte<\/a> \u00e9 &#8220;Os meus pais s\u00e3o milion\u00e1rios&#8221;.<\/p>\n<p>Veja, agora, o v\u00eddeo do referido momento em &#8220;<a href=\"https:\/\/tvi.iol.pt\/secretstory\/\" target=\"_blank\" rel=\"nofollow noopener\">Secret Story<\/a> &#8211; Casa dos Segredos&#8221;.<\/p>\n","protected":false},"excerpt":{"rendered":"In\u00eas Gama carregou, esta ter\u00e7a-feira, dia 21, no bot\u00e3o dos segredos, apostando no enigma que Dylan Fonte esconde&hellip;\n","protected":false},"author":2,"featured_media":102898,"comment_status":"","ping_status":"","sticky":false,"template":"","format":"standard","meta":{"footnotes":""},"categories":[142],"tags":[6340,26382,2632,13471,6338,328,19105,21040,114,115,980,15353,25393,19184,21766,19153,619,14646,21416,32,33,1014,1315,6985,16687,16686,7958,1012,6986,16688,151,162],"class_list":{"0":"post-121692","1":"post","2":"type-post","3":"status-publish","4":"format-standard","5":"has-post-thumbnail","7":"category-tv","8":"tag-ana","9":"tag-ana-batista","10":"tag-casa-dos-segredos","11":"tag-casa-dos-segredos-9","12":"tag-concorrente","13":"tag-concorrentes","14":"tag-dylan","15":"tag-dylan-fonte","16":"tag-entertainment","17":"tag-entretenimento","18":"tag-famosos","19":"tag-ines","20":"tag-ines-gama","21":"tag-marisa","22":"tag-marisa-pires","23":"tag-marisa-susana","24":"tag-nacional","25":"tag-pedro","26":"tag-pedro-jorge","27":"tag-portugal","28":"tag-pt","29":"tag-reality-show","30":"tag-secret-story","31":"tag-secret-story-casa-dos-segredos","32":"tag-secret-story-casa-dos-segredos-9","33":"tag-secret-story-9","34":"tag-segredo","35":"tag-selfie","36":"tag-ss","37":"tag-ss9","38":"tag-tv","39":"tag-tvi"},"share_on_mastodon":{"url":"https:\/\/pubeurope.com\/@pt\/115417896933935703","error":""},"_links":{"self":[{"href":"https:\/\/www.europesays.com\/pt\/wp-json\/wp\/v2\/posts\/121692","targetHints":{"allow":["GET"]}}],"collection":[{"href":"https:\/\/www.europesays.com\/pt\/wp-json\/wp\/v2\/posts"}],"about":[{"href":"https:\/\/www.europesays.com\/pt\/wp-json\/wp\/v2\/types\/post"}],"author":[{"embeddable":true,"href":"https:\/\/www.europesays.com\/pt\/wp-json\/wp\/v2\/users\/2"}],"replies":[{"embeddable":true,"href":"https:\/\/www.europesays.com\/pt\/wp-json\/wp\/v2\/comments?post=121692"}],"version-history":[{"count":0,"href":"https:\/\/www.europesays.com\/pt\/wp-json\/wp\/v2\/posts\/121692\/revisions"}],"wp:featuredmedia":[{"embeddable":true,"href":"https:\/\/www.europesays.com\/pt\/wp-json\/wp\/v2\/media\/102898"}],"wp:attachment":[{"href":"https:\/\/www.europesays.com\/pt\/wp-json\/wp\/v2\/media?parent=121692"}],"wp:term":[{"taxonomy":"category","embeddable":true,"href":"https:\/\/www.europesays.com\/pt\/wp-json\/wp\/v2\/categories?post=121692"},{"taxonomy":"post_tag","embeddable":true,"href":"https:\/\/www.europesays.com\/pt\/wp-json\/wp\/v2\/tags?post=121692"}],"curies":[{"name":"wp","href":"https:\/\/api.w.org\/{rel}","templated":true}]}}