{"id":121713,"date":"2025-10-22T13:09:13","date_gmt":"2025-10-22T13:09:13","guid":{"rendered":"https:\/\/www.europesays.com\/pt\/121713\/"},"modified":"2025-10-22T13:09:13","modified_gmt":"2025-10-22T13:09:13","slug":"corpo-do-refem-mais-velho-capturado-pelo-hamas-devolvido-a-israel","status":"publish","type":"post","link":"https:\/\/www.europesays.com\/pt\/121713\/","title":{"rendered":"Corpo do ref\u00e9m mais velho capturado pelo Hamas devolvido a Israel"},"content":{"rendered":"<p><strong>O corpo de <\/strong><strong>Aryeh<\/strong><strong> <\/strong><strong>Zalmanovich, o ref\u00e9m mais velho levado pelo Hamas durante o ataque de 7 de outubro de 2023, foi devolvido a Israel esta ter\u00e7a-feira, juntamente com o de outro ref\u00e9m.<\/strong><\/p>\n<p>Aryeh Zalmanovich, de 85 anos, foi raptado vivo na sua casa no Kibbutz Nir Oz, no sul de Israel, e acredita-se que tenha morrido em cativeiro a 17 de novembro de 2023. <\/p>\n<p>Era um dos membros fundadores da comunidade e conhecido como um homem humilde, trabalhador e dedicado.<\/p>\n<p>\t\t<img decoding=\"async\" src=\"https:\/\/www.europesays.com\/pt\/wp-content\/uploads\/2025\/10\/1761138553_871_thumbs.web.sapo.io\"  alt=\" A casa de Aryeh Zalmanovich abandonada ap\u00f3s quase 15 meses de guerra \" loading=\"true\"\/><\/p>\n<p>                        Ohad Zwigenberg |AP<\/p>\n<p>Pai de dois filhos e av\u00f4 de cinco netos, Aryeh Zalmanovich era agricultor e dedicava-se ao cultivo de trigo nas \u00e1ridas condi\u00e7\u00f5es do deserto do Negev.<\/p>\n<p>O corpo foi identificado pelas For\u00e7as de Defesa de Israel (IDF) e posteriormente entregue ao Instituto Nacional de Medicina Forense, onde ser\u00e3o investigadas as causas da morte.<\/p>\n<p>No dia 13 de outubro, o Hamas devolveu os \u00faltimos 20 ref\u00e9ns vivos que se encontravam na Faixa de Gaza, em troca de quase dois mil prisioneiros palestinianos. Ao abrigo do acordo, Israel entregou tamb\u00e9m 165 corpos de palestinianos.<\/p>\n<p>A etapa seguinte, ainda por acordar, prev\u00ea a continua\u00e7\u00e3o da retirada israelita da Faixa de Gaza, o desarmamento do Hamas, apesar da sua resist\u00eancia a este respeito, bem como a reconstru\u00e7\u00e3o e a futura governa\u00e7\u00e3o do enclave, que descarta um papel do grupo islamita.<\/p>\n<p>A <a href=\"https:\/\/sicnoticias.pt\/especiais\/conflito-israel-palestina\" target=\"_blank\" rel=\"noreferrer noopener nofollow\">guerra na Faixa de Gaza<\/a> foi desencadeada pelos ataques liderados pelo Hamas em 7 de outubro de 2023 no sul de Israel, nos quais morreram cerca de 1.200 pessoas e 251 foram feitas ref\u00e9ns.<\/p>\n<p>Em retalia\u00e7\u00e3o, Israel lan\u00e7ou uma opera\u00e7\u00e3o militar em grande escala na Faixa de Gaza, que provocou mais de 68 mil mortos, segundo as autoridades locais controladas pelo Hamas, a destrui\u00e7\u00e3o de quase todas as infraestruturas do territ\u00f3rio e a desloca\u00e7\u00e3o for\u00e7ada de centenas de milhares de pessoas.<\/p>\n<p>&#8211; Com Lusa<\/p>\n","protected":false},"excerpt":{"rendered":"O corpo de Aryeh Zalmanovich, o ref\u00e9m mais velho levado pelo Hamas durante o ataque de 7 de&hellip;\n","protected":false},"author":2,"featured_media":121714,"comment_status":"","ping_status":"","sticky":false,"template":"","format":"standard","meta":{"footnotes":""},"categories":[50],"tags":[27,28,15,16,14,25,26,21,22,62,12,13,19,20,23,24,17,18,29,30,31,63,64,65],"class_list":{"0":"post-121713","1":"post","2":"type-post","3":"status-publish","4":"format-standard","5":"has-post-thumbnail","7":"category-mundo","8":"tag-breaking-news","9":"tag-breakingnews","10":"tag-featured-news","11":"tag-featurednews","12":"tag-headlines","13":"tag-latest-news","14":"tag-latestnews","15":"tag-main-news","16":"tag-mainnews","17":"tag-mundo","18":"tag-news","19":"tag-noticias","20":"tag-noticias-principais","21":"tag-noticiasprincipais","22":"tag-principais-noticias","23":"tag-principaisnoticias","24":"tag-top-stories","25":"tag-topstories","26":"tag-ultimas","27":"tag-ultimas-noticias","28":"tag-ultimasnoticias","29":"tag-world","30":"tag-world-news","31":"tag-worldnews"},"share_on_mastodon":{"url":"https:\/\/pubeurope.com\/@pt\/115417983580945530","error":""},"_links":{"self":[{"href":"https:\/\/www.europesays.com\/pt\/wp-json\/wp\/v2\/posts\/121713","targetHints":{"allow":["GET"]}}],"collection":[{"href":"https:\/\/www.europesays.com\/pt\/wp-json\/wp\/v2\/posts"}],"about":[{"href":"https:\/\/www.europesays.com\/pt\/wp-json\/wp\/v2\/types\/post"}],"author":[{"embeddable":true,"href":"https:\/\/www.europesays.com\/pt\/wp-json\/wp\/v2\/users\/2"}],"replies":[{"embeddable":true,"href":"https:\/\/www.europesays.com\/pt\/wp-json\/wp\/v2\/comments?post=121713"}],"version-history":[{"count":0,"href":"https:\/\/www.europesays.com\/pt\/wp-json\/wp\/v2\/posts\/121713\/revisions"}],"wp:featuredmedia":[{"embeddable":true,"href":"https:\/\/www.europesays.com\/pt\/wp-json\/wp\/v2\/media\/121714"}],"wp:attachment":[{"href":"https:\/\/www.europesays.com\/pt\/wp-json\/wp\/v2\/media?parent=121713"}],"wp:term":[{"taxonomy":"category","embeddable":true,"href":"https:\/\/www.europesays.com\/pt\/wp-json\/wp\/v2\/categories?post=121713"},{"taxonomy":"post_tag","embeddable":true,"href":"https:\/\/www.europesays.com\/pt\/wp-json\/wp\/v2\/tags?post=121713"}],"curies":[{"name":"wp","href":"https:\/\/api.w.org\/{rel}","templated":true}]}}