{"id":121715,"date":"2025-10-22T13:12:09","date_gmt":"2025-10-22T13:12:09","guid":{"rendered":"https:\/\/www.europesays.com\/pt\/121715\/"},"modified":"2025-10-22T13:12:09","modified_gmt":"2025-10-22T13:12:09","slug":"carol-peixinho-e-thiaguinho-celebram-primeiro-mes-do-filho-com-declaracao-nas-redes-sociais","status":"publish","type":"post","link":"https:\/\/www.europesays.com\/pt\/121715\/","title":{"rendered":"Carol Peixinho e Thiaguinho celebram primeiro m\u00eas do filho com declara\u00e7\u00e3o nas redes sociais"},"content":{"rendered":"<p data-start=\"244\" data-end=\"512\"><strong>Carol Peixinho<\/strong>, 40, e <strong>Thiaguinho<\/strong>, 42, comemoraram o <strong data-start=\"309\" data-end=\"340\">primeiro m\u00eas do filho Bento<\/strong> com uma festa tem\u00e1tica de Halloween em fam\u00edlia. Nas redes sociais, o casal compartilhou registros da pequena celebra\u00e7\u00e3o nesta ter\u00e7a-feira (21), encantando os seguidores.<\/p>\n<p data-start=\"514\" data-end=\"704\">\u201cEntre travessuras e gostosuras, nosso abobrinha mais fofo est\u00e1 completando 1 m\u00eas! Nosso primeiro mesvers\u00e1rio chegou com clima de Halloween em fam\u00edlia!\u201d, escreveram em publica\u00e7\u00e3o conjunta.<\/p>\n<blockquote class=\"instagram-media\" style=\"background: #FFF;border: 0;border-radius: 3px;margin: 1px;max-width: 540px;min-width: 326px;padding: 0;width: calc(100% - 2px)\" data-instgrm-captioned=\"\" data-instgrm-permalink=\"https:\/\/www.instagram.com\/p\/DQFvXmNkbeN\/?utm_source=ig_embed&amp;utm_campaign=loading\" data-instgrm-version=\"14\">\n<\/blockquote>\n<p>\u00a0<\/p>\n<p data-start=\"706\" data-end=\"934\">No \u00faltimo domingo (19), o casal j\u00e1 havia feito outra homenagem ao beb\u00ea: \u201cHoje nosso Bento completa 1 m\u00eas de vida. Por mais que tentem explicar o que \u00e9 o amor por um filho, nada se compara ao que sentimos por voc\u00ea\u201d, declararam.<\/p>\n<p data-start=\"936\" data-end=\"1204\">Morando em S\u00e3o Paulo, Carol e Thiaguinho afirmam que a chegada do pequeno transformou a rotina. \u201cFoi o m\u00eas mais intenso e cheio de amor que j\u00e1 vivemos. Obrigado, Bento, por encher nossa casa, nossos dias e nossos cora\u00e7\u00f5es. Te amamos, filho. Pra sempre\u201d, completaram.<\/p>\n<p data-start=\"1206\" data-end=\"1381\">Durante a gravidez, Carol revelou que o casal participou de <strong data-start=\"1266\" data-end=\"1292\">aulas de hypnobirthing<\/strong>, t\u00e9cnica que combina hipnose e relaxamento para promover bem-estar durante a gesta\u00e7\u00e3o.<\/p>\n<p>\t\t\t\t<script async src=\"\/\/www.instagram.com\/embed.js\"><\/script><\/p>\n","protected":false},"excerpt":{"rendered":"Carol Peixinho, 40, e Thiaguinho, 42, comemoraram o primeiro m\u00eas do filho Bento com uma festa tem\u00e1tica de&hellip;\n","protected":false},"author":2,"featured_media":121716,"comment_status":"","ping_status":"","sticky":false,"template":"","format":"standard","meta":{"footnotes":""},"categories":[145],"tags":[211,210,114,115,32,33],"class_list":{"0":"post-121715","1":"post","2":"type-post","3":"status-publish","4":"format-standard","5":"has-post-thumbnail","7":"category-celebridades","8":"tag-celebridades","9":"tag-celebrities","10":"tag-entertainment","11":"tag-entretenimento","12":"tag-portugal","13":"tag-pt"},"share_on_mastodon":{"url":"https:\/\/pubeurope.com\/@pt\/115417995197248881","error":""},"_links":{"self":[{"href":"https:\/\/www.europesays.com\/pt\/wp-json\/wp\/v2\/posts\/121715","targetHints":{"allow":["GET"]}}],"collection":[{"href":"https:\/\/www.europesays.com\/pt\/wp-json\/wp\/v2\/posts"}],"about":[{"href":"https:\/\/www.europesays.com\/pt\/wp-json\/wp\/v2\/types\/post"}],"author":[{"embeddable":true,"href":"https:\/\/www.europesays.com\/pt\/wp-json\/wp\/v2\/users\/2"}],"replies":[{"embeddable":true,"href":"https:\/\/www.europesays.com\/pt\/wp-json\/wp\/v2\/comments?post=121715"}],"version-history":[{"count":0,"href":"https:\/\/www.europesays.com\/pt\/wp-json\/wp\/v2\/posts\/121715\/revisions"}],"wp:featuredmedia":[{"embeddable":true,"href":"https:\/\/www.europesays.com\/pt\/wp-json\/wp\/v2\/media\/121716"}],"wp:attachment":[{"href":"https:\/\/www.europesays.com\/pt\/wp-json\/wp\/v2\/media?parent=121715"}],"wp:term":[{"taxonomy":"category","embeddable":true,"href":"https:\/\/www.europesays.com\/pt\/wp-json\/wp\/v2\/categories?post=121715"},{"taxonomy":"post_tag","embeddable":true,"href":"https:\/\/www.europesays.com\/pt\/wp-json\/wp\/v2\/tags?post=121715"}],"curies":[{"name":"wp","href":"https:\/\/api.w.org\/{rel}","templated":true}]}}