{"id":121719,"date":"2025-10-22T13:17:13","date_gmt":"2025-10-22T13:17:13","guid":{"rendered":"https:\/\/www.europesays.com\/pt\/121719\/"},"modified":"2025-10-22T13:17:13","modified_gmt":"2025-10-22T13:17:13","slug":"arte1-exibira-documentario-sobre-destruicao-e-pilhagem-de-arte-dos-nazistas","status":"publish","type":"post","link":"https:\/\/www.europesays.com\/pt\/121719\/","title":{"rendered":"Arte1 exibir\u00e1 document\u00e1rio sobre destrui\u00e7\u00e3o e pilhagem de arte dos nazistas"},"content":{"rendered":"<p>Nesta quinta-feira, 23 de outubro, o canal Arte1 exibir\u00e1 \u00e0s 23h o document\u00e1rio \u2018Hitler Versus Picasso \u2013 A Obsess\u00e3o Nazista pela Arte\u2018. Produzido pela 3D Produzioni e Nexo Digital, ele foi lan\u00e7ado em 2018, e destrincha com precis\u00e3o hist\u00f3rica e em detalhes o brutal processo de destrui\u00e7\u00e3o e pilhagem sistem\u00e1tica de obras de arte orquestradas pelos nazistas sobre o comando de <strong>Adolf Hitler<\/strong>, no Terceiro Reich.<\/p>\n<p>O document\u00e1rio conta com narra\u00e7\u00e3o de <strong>Toni Servillo<\/strong>, e foi produzido com acesso a arquivos in\u00e9ditos e ao Dossi\u00ea Gurlitt, uma cole\u00e7\u00e3o descoberta em 2010 na Alemanha, que continha obras roubadas sob ordens diretas de <a href=\"https:\/\/aventurasnahistoria.com.br\/noticias\/reportagem\/os-relatos-do-neto-de-homem-que-tentou-matar-hitler-jamais-foi-simpatico-aos-nazistas.phtml\" rel=\"nofollow noopener\" target=\"_blank\">Hitler<\/a> e do oficial nazista <strong>Hermann G\u00f6ring<\/strong>.<\/p>\n<p>Para contar essa hist\u00f3ria, o document\u00e1rio ancora o relato em fatos verific\u00e1veis, atrav\u00e9s do cruzamento de acervos, documentos de confisco, listas de expurgo, entrevistas com herdeiros de obras saqueadas, curadores de arte e investigadores; tudo isso, al\u00e9m de visitar a <a href=\"https:\/\/aventurasnahistoria.com.br\/noticias\/desventuras\/neuschwanstein-o-castelo-que-inspirou-a-disney-foi-lar-de-rei-louco-e-base-nazista.phtml\" rel=\"nofollow noopener\" target=\"_blank\">centros decisivos<\/a> nessa hist\u00f3ria, distribu\u00eddos entre as cidades como Paris (Fran\u00e7a), Berna (Su\u00ed\u00e7a), Deventer (Holanda), Nova York (Estados Unidos), Bonn e Munique (Alemanha).<\/p>\n<p>Al\u00e9m disso, conforme informado em material de divulga\u00e7\u00e3o do canal Arte1, a narrativa aproxima o passado e o presente, evidenciando a disputa que segue viva, mesmo ap\u00f3s tantas d\u00e9cadas, envolvendo obras que <a href=\"https:\/\/aventurasnahistoria.com.br\/noticias\/historia-hoje\/obra-de-arte-saqueada-por-nazista-encontrada-na-argentina-e-recuperada.phtml\" rel=\"nofollow noopener\" target=\"_blank\">continuam desaparecidas<\/a>, obras j\u00e1 restitu\u00eddas, e aquelas que continuam expostas em museus europeus com lacunas na explica\u00e7\u00e3o de suas origens.<\/p>\n<p>Caso voc\u00ea n\u00e3o possa assistir \u00e0 estreia do document\u00e1rio no Arte1, ele tamb\u00e9m ser\u00e1 exibido na sexta-feira, 24, \u00e0s 7h45 e \u00e0s 15h; e no domingo, 26, \u00e0s 9h.<\/p>\n<p>Durante o <a href=\"https:\/\/aventurasnahistoria.com.br\/noticias\/desventuras\/se-hitler-governou-o-terceiro-reich-o-que-foram-os-outros-dois.phtml\" rel=\"nofollow noopener\" target=\"_blank\">Terceiro Reich<\/a> alem\u00e3o, quando o pa\u00eds foi governado por <strong>Hitler<\/strong>, os nazistas n\u00e3o apenas foram centrais na defini\u00e7\u00e3o da <a href=\"https:\/\/aventurasnahistoria.com.br\/noticias\/reportagem\/o-sobrinho-de-hitler-que-lutou-contra-o-tio-na-segunda-guerra.phtml\" rel=\"nofollow noopener\" target=\"_blank\">Segunda Guerra Mundial<\/a>, atrav\u00e9s de sua expans\u00e3o pela Europa. Outro meio de repress\u00e3o e dom\u00ednio que eles orquestraram foi o estabelecimento de uma m\u00e1quina de guerra cultural, destruindo publicamente a produ\u00e7\u00e3o art\u00edstica moderna \u2014 que eles classificavam como \u201cdegenerada\u201d \u2014, e montando uma opera\u00e7\u00e3o industrial de pilhagem de obras de arte de cole\u00e7\u00f5es privadas e projetos museol\u00f3gicos.<\/p>\n<p>Entre os artistas que mais foram atingidos por esse programa de apagamento e saque est\u00e3o os franceses <strong>Marc Chagall<\/strong>, <strong>Claude Monet<\/strong> e <strong>Henri Matisse<\/strong>; o austr\u00edaco <strong>Kokoschka<\/strong>; o russo <strong>El Lissitzky<\/strong>; os alem\u00e3es <strong>Paul Klee<\/strong> e <strong>Otto Dix<\/strong>; e, claro, o espanhol <a href=\"https:\/\/aventurasnahistoria.com.br\/noticias\/historia-hoje\/pintura-de-picasso-desaparecida-ha-80-anos-e-revelada-em-leilao-em-paris.phtml\" rel=\"nofollow noopener\" target=\"_blank\">Pablo Picasso<\/a>.<\/p>\n<p>        <a href=\"https:\/\/aventurasnahistoria.com.br\/noticias\/author\/eric-moreira\" rel=\"nofollow noopener\" target=\"_blank\">&#13;<br \/>\n          <img loading=\"lazy\" decoding=\"async\" alt=\"\u00c9ric Moreira\" src=\"https:\/\/www.europesays.com\/pt\/wp-content\/uploads\/2025\/09\/WhatsApp-Image-2021-09-24-at-18.30.11-150x150.jpeg\" class=\"avatar avatar-115 photo rounded-circle\" height=\"115\" width=\"115\"\/>        <\/a><\/p>\n<p>\u00c9ric Moreira \u00e9 jornalista, formado pelo Centro Universit\u00e1rio Belas Artes de S\u00e3o Paulo. Passa a maior parte do tempo vendo filmes e s\u00e9ries, interessado em jornalismo cultural e grande amante de Arte e Hist\u00f3ria.<\/p>\n","protected":false},"excerpt":{"rendered":"Nesta quinta-feira, 23 de outubro, o canal Arte1 exibir\u00e1 \u00e0s 23h o document\u00e1rio \u2018Hitler Versus Picasso \u2013 A&hellip;\n","protected":false},"author":2,"featured_media":121720,"comment_status":"","ping_status":"","sticky":false,"template":"","format":"standard","meta":{"footnotes":""},"categories":[140],"tags":[28175,207,28176,3471,1414,114,115,147,148,736,28177,28174,146,62,13890,13,32,33,28178],"class_list":{"0":"post-121719","1":"post","2":"type-post","3":"status-publish","4":"format-standard","5":"has-post-thumbnail","7":"category-filmes","8":"tag-adolf-hitler","9":"tag-arte","10":"tag-arte1","11":"tag-curiosidades","12":"tag-documentario","13":"tag-entertainment","14":"tag-entretenimento","15":"tag-film","16":"tag-filmes","17":"tag-historia","18":"tag-hitler","19":"tag-hitler-versus-picasso-a-obsessao-nazista-pela-arte","20":"tag-movies","21":"tag-mundo","22":"tag-nazismo","23":"tag-noticias","24":"tag-portugal","25":"tag-pt","26":"tag-terceiro-reich"},"share_on_mastodon":{"url":"https:\/\/pubeurope.com\/@pt\/115418015143053635","error":""},"_links":{"self":[{"href":"https:\/\/www.europesays.com\/pt\/wp-json\/wp\/v2\/posts\/121719","targetHints":{"allow":["GET"]}}],"collection":[{"href":"https:\/\/www.europesays.com\/pt\/wp-json\/wp\/v2\/posts"}],"about":[{"href":"https:\/\/www.europesays.com\/pt\/wp-json\/wp\/v2\/types\/post"}],"author":[{"embeddable":true,"href":"https:\/\/www.europesays.com\/pt\/wp-json\/wp\/v2\/users\/2"}],"replies":[{"embeddable":true,"href":"https:\/\/www.europesays.com\/pt\/wp-json\/wp\/v2\/comments?post=121719"}],"version-history":[{"count":0,"href":"https:\/\/www.europesays.com\/pt\/wp-json\/wp\/v2\/posts\/121719\/revisions"}],"wp:featuredmedia":[{"embeddable":true,"href":"https:\/\/www.europesays.com\/pt\/wp-json\/wp\/v2\/media\/121720"}],"wp:attachment":[{"href":"https:\/\/www.europesays.com\/pt\/wp-json\/wp\/v2\/media?parent=121719"}],"wp:term":[{"taxonomy":"category","embeddable":true,"href":"https:\/\/www.europesays.com\/pt\/wp-json\/wp\/v2\/categories?post=121719"},{"taxonomy":"post_tag","embeddable":true,"href":"https:\/\/www.europesays.com\/pt\/wp-json\/wp\/v2\/tags?post=121719"}],"curies":[{"name":"wp","href":"https:\/\/api.w.org\/{rel}","templated":true}]}}