{"id":121721,"date":"2025-10-22T13:18:17","date_gmt":"2025-10-22T13:18:17","guid":{"rendered":"https:\/\/www.europesays.com\/pt\/121721\/"},"modified":"2025-10-22T13:18:17","modified_gmt":"2025-10-22T13:18:17","slug":"oficial-kompany-renova-pelo-bayern-munique","status":"publish","type":"post","link":"https:\/\/www.europesays.com\/pt\/121721\/","title":{"rendered":"OFICIAL: Kompany renova pelo Bayern Munique"},"content":{"rendered":"<p>O Bayern Munique anunciou a renova\u00e7\u00e3o de contrato com Vincent Kompany.<\/p>\n<p>O treinador belga de 39 anos, que estava vinculado aos b\u00e1varos at\u00e9 2027, prolongou a liga\u00e7\u00e3o, agora v\u00e1lida at\u00e9 2029.<\/p>\n<p>Kompany chegou ao Bayern no ver\u00e3o de 2024 e na primeira \u00e9poca recuperou a Bundesliga perdia no ano anterior para o Bayer Leverkusen. Nesta temporada leva 11 vit\u00f3rias em 11 jogos e a Superta\u00e7a alem\u00e3 j\u00e1 conquistada.<\/p>\n<p>O Bayern Munique, recorde-se, \u00e9 advers\u00e1rio do Sporitng na Liga dos Campe\u00f5es. As duas equipas v\u00e3o defrontar-se a 9 de dezembro na Alemanha.<\/p>\n<blockquote class=\"twitter-tweet\">\n<p lang=\"de\">Der \ud835\udc69\ud835\udc90\ud835\udc94\ud835\udc94 bleibt\u2757<\/p>\n<p>FC Bayern verl\u00e4ngert Vertrag mit Trainer Vincent Kompany bis \ud835\udfee\ud835\udfec\ud835\udfee\ud835\udff5. \u270d\ufe0f <a href=\"https:\/\/t.co\/ZrNA778Lig\" rel=\"nofollow\">https:\/\/t.co\/ZrNA778Lig<\/a><a href=\"https:\/\/twitter.com\/hashtag\/MiaSanMia?src=hash&amp;ref_src=twsrc%5Etfw\" rel=\"nofollow noopener\" target=\"_blank\">#MiaSanMia<\/a> <a href=\"https:\/\/twitter.com\/hashtag\/FCBayern?src=hash&amp;ref_src=twsrc%5Etfw\" rel=\"nofollow noopener\" target=\"_blank\">#FCBayern<\/a> <a href=\"https:\/\/twitter.com\/hashtag\/Kompany2029?src=hash&amp;ref_src=twsrc%5Etfw\" rel=\"nofollow noopener\" target=\"_blank\">#Kompany2029<\/a> <a href=\"https:\/\/t.co\/NTvRn4YZw4\" rel=\"nofollow\">pic.twitter.com\/NTvRn4YZw4<\/a><\/p>\n<p> \u2014 FC Bayern M\u00fcnchen (@FCBayern)<br \/>\n  <a href=\"https:\/\/twitter.com\/FCBayern\/status\/1980574741745528876?ref_src=twsrc%5Etfw\" rel=\"nofollow noopener\" target=\"_blank\">October 21, 2025<\/a>\n <\/p><\/blockquote>\n<p>                                <script async src=\"https:\/\/platform.twitter.com\/widgets.js\" charset=\"utf-8\"><\/script><\/p>\n","protected":false},"excerpt":{"rendered":"O Bayern Munique anunciou a renova\u00e7\u00e3o de contrato com Vincent Kompany. O treinador belga de 39 anos, que&hellip;\n","protected":false},"author":2,"featured_media":121722,"comment_status":"","ping_status":"","sticky":false,"template":"","format":"standard","meta":{"footnotes":""},"categories":[87],"tags":[1305,2438,135,82,28179,46,42,32,33,47,134,35],"class_list":{"0":"post-121721","1":"post","2":"type-post","3":"status-publish","4":"format-standard","5":"has-post-thumbnail","7":"category-desporto","8":"tag-alemanha","9":"tag-bayern-munique","10":"tag-desporto","11":"tag-internacional","12":"tag-kompany","13":"tag-maisfutebol","14":"tag-mercado","15":"tag-portugal","16":"tag-pt","17":"tag-pura-paixao","18":"tag-sports","19":"tag-transferencias"},"share_on_mastodon":{"url":"https:\/\/pubeurope.com\/@pt\/115418018842269341","error":""},"_links":{"self":[{"href":"https:\/\/www.europesays.com\/pt\/wp-json\/wp\/v2\/posts\/121721","targetHints":{"allow":["GET"]}}],"collection":[{"href":"https:\/\/www.europesays.com\/pt\/wp-json\/wp\/v2\/posts"}],"about":[{"href":"https:\/\/www.europesays.com\/pt\/wp-json\/wp\/v2\/types\/post"}],"author":[{"embeddable":true,"href":"https:\/\/www.europesays.com\/pt\/wp-json\/wp\/v2\/users\/2"}],"replies":[{"embeddable":true,"href":"https:\/\/www.europesays.com\/pt\/wp-json\/wp\/v2\/comments?post=121721"}],"version-history":[{"count":0,"href":"https:\/\/www.europesays.com\/pt\/wp-json\/wp\/v2\/posts\/121721\/revisions"}],"wp:featuredmedia":[{"embeddable":true,"href":"https:\/\/www.europesays.com\/pt\/wp-json\/wp\/v2\/media\/121722"}],"wp:attachment":[{"href":"https:\/\/www.europesays.com\/pt\/wp-json\/wp\/v2\/media?parent=121721"}],"wp:term":[{"taxonomy":"category","embeddable":true,"href":"https:\/\/www.europesays.com\/pt\/wp-json\/wp\/v2\/categories?post=121721"},{"taxonomy":"post_tag","embeddable":true,"href":"https:\/\/www.europesays.com\/pt\/wp-json\/wp\/v2\/tags?post=121721"}],"curies":[{"name":"wp","href":"https:\/\/api.w.org\/{rel}","templated":true}]}}