{"id":121723,"date":"2025-10-22T13:19:11","date_gmt":"2025-10-22T13:19:11","guid":{"rendered":"https:\/\/www.europesays.com\/pt\/121723\/"},"modified":"2025-10-22T13:19:11","modified_gmt":"2025-10-22T13:19:11","slug":"estudo-revela-como-esclerose-multipla-danifica-cerebro-anos-antes-de-surgirem-sintomas","status":"publish","type":"post","link":"https:\/\/www.europesays.com\/pt\/121723\/","title":{"rendered":"Estudo revela como esclerose m\u00faltipla danifica c\u00e9rebro anos antes de surgirem sintomas"},"content":{"rendered":"<p>Um estudo divulgado na segunda-feira, 20 de outubro, na revista Nature Medicine revela como a esclerose m\u00faltipla (EM) come\u00e7a a danificar o c\u00e9rebro v\u00e1rios anos antes de os seus sintomas surgirem e de os doentes procurarem cuidados m\u00e9dicos.<\/p>\n<p data-remotead-prev-elm=\"true\" data-remotead-elm-id=\"inread\">Investigadores da Universidade da Calif\u00f3rnia em S\u00e3o Francisco (UCSF), nos Estados Unidos da Am\u00e9rica, analisaram milhares de prote\u00ednas presentes no sangue para explicar, pela primeira vez, a sequ\u00eancia de eventos que levam \u00e0 doen\u00e7a, abrindo portas a &#8220;novas oportunidades de diagn\u00f3stico, monitoriza\u00e7\u00e3o e, possivelmente, novos tratamentos incluindo formas de prevenir a esclerose m\u00faltipla&#8221;, segundo a ag\u00eancia noticiosa espanhola privada Europa Press.<\/p>\n<p>Mais de cinco mil prote\u00ednas em amostras de sangue de 134 pessoas com EM foram analisadas, antes e depois do diagn\u00f3stico. As amostras foram fornecidas pelo Departamento de Defesa norte-americano, que as armazena quando os militares se candidatam ao servi\u00e7o militar e que ficam dispon\u00edveis para estudo d\u00e9cadas mais tarde, quando algumas pessoas podem j\u00e1 ter desenvolvido esta doen\u00e7a.<\/p>\n<p data-remotead-prev-elm=\"true\" data-remotead-elm-id=\"centro1\">Foram observadas les\u00f5es da mielina (membrana que cobre os ax\u00f3nios, extens\u00f5es das c\u00e9lulas nervosas do c\u00e9rebro, e que facilita a comunica\u00e7\u00e3o entre os neur\u00f3nios) cerca de sete anos antes do in\u00edcio dos sintomas e um ano antes das provas de les\u00e3o axonal.<\/p>\n<p>Entre as in\u00fameras prote\u00ednas de sinaliza\u00e7\u00e3o imunit\u00e1ria cujos n\u00edveis aumentam nas fases iniciais da doen\u00e7a, destacou-se a interleucina 3 (IL-3), &#8220;conhecida por recrutar c\u00e9lulas imunit\u00e1rias para o c\u00e9rebro e para a medula espinal, onde atacam as c\u00e9lulas nervosas&#8221;.<\/p>\n<p data-remotead-prev-elm=\"true\" data-remotead-elm-id=\"centro2\">Os investigadores identificaram quase 50 prote\u00ednas que preveem doen\u00e7as futuras e, com base nas 21 principais, apresentaram um pedido de patente para um teste sangu\u00edneo de diagn\u00f3stico. &#8220;(O estudo) pode ser um ponto de viragem no modo como entendemos e tratamos esta doen\u00e7a&#8221;, disse Ahmed Abdelhak, professor assistente de neurologia na UCSF e coautor principal do artigo.<\/p>\n<p>Ari Green, chefe da Divis\u00e3o de Neuroimunologia e Biologia Glial do Departamento de Neurologia da UCSF e outro dos principais autores do estudo, salientou que saber que a EM come\u00e7a muito antes do in\u00edcio cl\u00ednico abre caminho \u00e0 possibilidade da doen\u00e7a poder um dia ser prevenida ou, pelo menos, de proteger as pessoas de danos maiores.<\/p>\n","protected":false},"excerpt":{"rendered":"Um estudo divulgado na segunda-feira, 20 de outubro, na revista Nature Medicine revela como a esclerose m\u00faltipla (EM)&hellip;\n","protected":false},"author":2,"featured_media":121724,"comment_status":"","ping_status":"","sticky":false,"template":"","format":"standard","meta":{"footnotes":""},"categories":[86],"tags":[4288,20491,7134,1347,116,32,33,117],"class_list":{"0":"post-121723","1":"post","2":"type-post","3":"status-publish","4":"format-standard","5":"has-post-thumbnail","7":"category-saude","8":"tag-cerebro","9":"tag-delas","10":"tag-esclerose-multipla","11":"tag-estudo","12":"tag-health","13":"tag-portugal","14":"tag-pt","15":"tag-saude"},"share_on_mastodon":{"url":"https:\/\/pubeurope.com\/@pt\/115418024738962575","error":""},"_links":{"self":[{"href":"https:\/\/www.europesays.com\/pt\/wp-json\/wp\/v2\/posts\/121723","targetHints":{"allow":["GET"]}}],"collection":[{"href":"https:\/\/www.europesays.com\/pt\/wp-json\/wp\/v2\/posts"}],"about":[{"href":"https:\/\/www.europesays.com\/pt\/wp-json\/wp\/v2\/types\/post"}],"author":[{"embeddable":true,"href":"https:\/\/www.europesays.com\/pt\/wp-json\/wp\/v2\/users\/2"}],"replies":[{"embeddable":true,"href":"https:\/\/www.europesays.com\/pt\/wp-json\/wp\/v2\/comments?post=121723"}],"version-history":[{"count":0,"href":"https:\/\/www.europesays.com\/pt\/wp-json\/wp\/v2\/posts\/121723\/revisions"}],"wp:featuredmedia":[{"embeddable":true,"href":"https:\/\/www.europesays.com\/pt\/wp-json\/wp\/v2\/media\/121724"}],"wp:attachment":[{"href":"https:\/\/www.europesays.com\/pt\/wp-json\/wp\/v2\/media?parent=121723"}],"wp:term":[{"taxonomy":"category","embeddable":true,"href":"https:\/\/www.europesays.com\/pt\/wp-json\/wp\/v2\/categories?post=121723"},{"taxonomy":"post_tag","embeddable":true,"href":"https:\/\/www.europesays.com\/pt\/wp-json\/wp\/v2\/tags?post=121723"}],"curies":[{"name":"wp","href":"https:\/\/api.w.org\/{rel}","templated":true}]}}