{"id":121727,"date":"2025-10-22T13:23:33","date_gmt":"2025-10-22T13:23:33","guid":{"rendered":"https:\/\/www.europesays.com\/pt\/121727\/"},"modified":"2025-10-22T13:23:33","modified_gmt":"2025-10-22T13:23:33","slug":"catastrofe-a-20-quilometros-de-paris-tornado-mata-pelo-menos-uma-pessoa-e-fere-oito-danos-consideraveis","status":"publish","type":"post","link":"https:\/\/www.europesays.com\/pt\/121727\/","title":{"rendered":"cat\u00e1strofe a 20 quil\u00f3metros de Paris, tornado mata pelo menos uma pessoa e fere oito; danos consider\u00e1veis"},"content":{"rendered":"<p> <img decoding=\"async\" fetchpriority=\"high\" src=\"https:\/\/www.europesays.com\/pt\/wp-content\/uploads\/2025\/10\/dailymotion-x9seqo2_1024.jpg\"  width=\"768\" height=\"432\" id=\"x9seqo2\"\/>  <\/p>\n<p>Um tornado atingiu v\u00e1rios munic\u00edpios da \u00e1rea metropolitana de Paris no final da tarde de segunda-feira, causando danos consider\u00e1veis. O n\u00famero de mortos \u00e9 tamb\u00e9m muito grave, com pelo menos uma pessoa morta e oito feridos.<\/p>\n<p>    <img decoding=\"async\" fetchpriority=\"high\" src=\"https:\/\/www.europesays.com\/pt\/wp-content\/uploads\/2025\/10\/guillaume-woznica.jpg\" alt=\"Guillaume Woznica\" width=\"40\" height=\"40\"\/>    <a class=\"nombre text-hv\" href=\"https:\/\/www.tempo.pt\/autor\/guillaume-woznica\/\" title=\"Guillaume Woznica\" rel=\"nofollow noopener\" target=\"_blank\">Guillaume Woznica<\/a> Meteored Fran\u00e7a         21\/10\/2025 17:37   4 min   <\/p>\n<p>Ap\u00f3s o longo per\u00edodo anticicl\u00f3nico das \u00faltimas semanas em Fran\u00e7a, o tempo mudou radicalmente no domingo com o regresso das depress\u00f5es atl\u00e2nticas. <strong>Na segunda-feira, uma frente fria tomou conta do territ\u00f3rio, trazendo consigo chuvas por vezes fortes e trovoadas, bem como fortes rajadas de vento<\/strong>.<\/p>\n<p>Ermont, o epicentro da cat\u00e1strofe<\/p>\n<p>Na tarde desta segunda-feira, <strong>um tornado perigoso atingiu v\u00e1rios munic\u00edpios da regi\u00e3o parisiense, causando danos consider\u00e1veis<\/strong> e provocando a morte de pelo menos uma pessoa.<\/p>\n<p><a class=\"imagen \" href=\"https:\/\/www.tempo.pt\/noticias\/actualidade\/caso-do-super-iate-bayesian-de-um-magnata-britanico-havera-mais-tornados-e-trombas-de-agua-num-mundo-mais-quente-clima.html\" title=\"Caso do super iate \u201cBayesian\u201d de um magnata brit\u00e2nico: haver\u00e1 mais tornados e trombas de \u00e1gua num mundo mais quente?\" rel=\"nofollow noopener\" target=\"_blank\"><img loading=\"lazy\" decoding=\"async\" fetchpriority=\"low\" class=\"lazy img-body non-editable\" src=\"https:\/\/www.europesays.com\/pt\/wp-content\/uploads\/2025\/10\/tornados-y-mangas-marinas-mundo-mas-calido-superyate-bayesian-1724394123660_320.jpg\"  width=\"320\" height=\"225\" alt=\"Caso do super iate \u201cBayesian\u201d de um magnata brit\u00e2nico: haver\u00e1 mais tornados e trombas de \u00e1gua num mundo mais quente?\"\/><\/a><\/p>\n<p>Tudo aconteceu pouco antes das 18 horas (17:00 em Lisboa). Enquanto a chuva assolava a regi\u00e3o de \u00cele-de-France, na zona da capital francesa, uma c\u00e9lula de trovoada particularmente intensa atingiu o Val-d&#8217;Oise, a cerca de 20 quil\u00f3metros de Paris. Esta estrutura de trovoada foi acompanhada de <strong>fortes rajadas de vento e mesmo de um tornado, segundo imagens e relatos<\/strong>. <\/p>\n<blockquote class=\"twitter-tweet\">\n<p lang=\"fr\" dir=\"ltr\">20\/10\/2015 &#8211; 18h10 : \ufe0fTORNADE \u00c0 ERMONT<\/p>\n<p>Voici les impressionnantes images de la tornades qui a touch\u00e9 Ermont en fin dapr\u00e8s midi. Elle a provoqu\u00e9 dimportants d\u00e9g\u00e2ts entre Ermont et Sannois.<\/p>\n<p>Vid\u00e9o de Mlb Nini pour <a href=\"https:\/\/twitter.com\/MeteoNordParis?ref_src=twsrc%5Etfw\" rel=\"nofollow noopener\" target=\"_blank\">@MeteoNordParis<\/a> <a href=\"https:\/\/t.co\/4Qd6WXXlmt\" rel=\"nofollow\">pic.twitter.com\/4Qd6WXXlmt<\/a><\/p>\n<p> M\u00e9t\u00e9o Nord Parisien \ufe0f\ufe0f (@MeteoNordParis) <a href=\"https:\/\/twitter.com\/MeteoNordParis\/status\/1980320736012300705?ref_src=twsrc%5Etfw\" rel=\"nofollow noopener\" target=\"_blank\">October 20, 2025<\/a><\/p><\/blockquote>\n<p>V\u00e1rios bairros de Eaubonne, Andilly, Montmorency, Cormeilles-en-Parisis e, sobretudo de <strong>Ermont sofreram rajadas de vento excecionalmente fortes<\/strong>.<\/p>\n<p>Pelo menos uma pessoa morreu<\/p>\n<p><strong>Entre as imagens mais impressionantes contam-se as que foram tiradas perto de alguns estaleiros de constru\u00e7\u00e3o em Ermont<\/strong>. No total, tr\u00eas gruas foram literalmente atiradas ao ch\u00e3o. Uma delas caiu sobre o instituto m\u00e9dico-educativo de Clos-Fleuri.<\/p>\n<p><strong>Num desses locais, um trabalhador perdeu a vida<\/strong>. Outras pessoas ficaram feridas, algumas com gravidade. No total, a c\u00e2mara municipal informou ao fim da tarde que oito pessoas ficaram feridas, quatro das quais em estado grave. <\/p>\n<blockquote class=\"twitter-tweet\">\n<p lang=\"fr\" dir=\"ltr\">\ufe0f La tornade qui a touch\u00e9 Ermont dans le Val-d&#8217;Oise a fait tomber trois grues qui ont caus\u00e9 de gros d\u00e9g\u00e2ts en s&#8217;abattant sur des b\u00e2timents. ( Ahmed Saidane) <a href=\"https:\/\/t.co\/IlolrxeECQ\" rel=\"nofollow\">pic.twitter.com\/IlolrxeECQ<\/a><\/p>\n<p>\u2014 M\u00e9t\u00e9o Express (@MeteoExpress) <a href=\"https:\/\/twitter.com\/MeteoExpress\/status\/1980332725815914618?ref_src=twsrc%5Etfw\" rel=\"nofollow noopener\" target=\"_blank\">October 20, 2025<\/a><\/p><\/blockquote>\n<p><strong>Este fen\u00f3meno meteorol\u00f3gico, t\u00e3o s\u00fabito quanto violento, afetou particularmente os bairros de Esp\u00e9rances, Gambetta e a rua Henry-Dunant em Ermont<\/strong>. Os telhados arrancados, as paredes desmoronadas e as dezenas de \u00e1rvores arrancadas obrigaram \u00e0 evacua\u00e7\u00e3o de muitas pessoas durante a noite. Foram ativadas unidades de crise e centros de acolhimento e foi aberto um centro de opera\u00e7\u00f5es departamental pelo munic\u00edpio. <\/p>\n<p><a class=\"imagen \" href=\"https:\/\/www.tempo.pt\/noticias\/actualidade\/tornado-atinge-aldeia-de-beja-arranca-arvores-e-telhados-e-causa-muita-destruicao-saiba-o-que-originou-este-fenomeno.html\" title=\"Tornado atinge aldeia de Beja, arranca \u00e1rvores e telhados e causa \u201cmuita destrui\u00e7\u00e3o\u201d. Saiba o que originou este fen\u00f3meno\" rel=\"nofollow noopener\" target=\"_blank\"><img loading=\"lazy\" decoding=\"async\" fetchpriority=\"low\" class=\"lazy img-body non-editable\" src=\"https:\/\/www.europesays.com\/pt\/wp-content\/uploads\/2025\/10\/tornado-atinge-aldeia-de-beja-arranca-arvores-e-telhados-e-causa-muita-destruicao-saiba-o-que-origin.jpeg\"  width=\"320\" height=\"225\" alt=\"Tornado atinge aldeia de Beja, arranca \u00e1rvores e telhados e causa \u201cmuita destrui\u00e7\u00e3o\u201d. Saiba o que originou este fen\u00f3meno\"\/><\/a><\/p>\n<p>Os transportes tamb\u00e9m foram afetados. V\u00e1rias \u00e1rvores ca\u00edram nas auto-estradas A15 e A115, provocando graves engarrafamentos. Em La Frette-sur-Seine, a circula\u00e7\u00e3o ao longo das margens do Sena foi interrompida. Quanto \u00e0 SNCF, a circula\u00e7\u00e3o foi suspensa na linha Transilien H e na linha RER C. <strong>A situa\u00e7\u00e3o normalizou-se progressivamente ao fim da tarde e depois durante a noite nas zonas mais afetadas<\/strong>. <\/p>\n<p> <script async src=\"https:\/\/platform.twitter.com\/widgets.js\" charset=\"utf-8\"><\/script><\/p>\n","protected":false},"excerpt":{"rendered":"Um tornado atingiu v\u00e1rios munic\u00edpios da \u00e1rea metropolitana de Paris no final da tarde de segunda-feira, causando danos&hellip;\n","protected":false},"author":2,"featured_media":121728,"comment_status":"","ping_status":"","sticky":false,"template":"","format":"standard","meta":{"footnotes":""},"categories":[50],"tags":[27,28,15,16,14,25,26,21,22,62,12,13,19,20,2458,23,24,17,18,28180,29,30,31,63,64,65],"class_list":{"0":"post-121727","1":"post","2":"type-post","3":"status-publish","4":"format-standard","5":"has-post-thumbnail","7":"category-mundo","8":"tag-breaking-news","9":"tag-breakingnews","10":"tag-featured-news","11":"tag-featurednews","12":"tag-headlines","13":"tag-latest-news","14":"tag-latestnews","15":"tag-main-news","16":"tag-mainnews","17":"tag-mundo","18":"tag-news","19":"tag-noticias","20":"tag-noticias-principais","21":"tag-noticiasprincipais","22":"tag-paris","23":"tag-principais-noticias","24":"tag-principaisnoticias","25":"tag-top-stories","26":"tag-topstories","27":"tag-tornado","28":"tag-ultimas","29":"tag-ultimas-noticias","30":"tag-ultimasnoticias","31":"tag-world","32":"tag-world-news","33":"tag-worldnews"},"share_on_mastodon":{"url":"https:\/\/pubeurope.com\/@pt\/115418038671656411","error":""},"_links":{"self":[{"href":"https:\/\/www.europesays.com\/pt\/wp-json\/wp\/v2\/posts\/121727","targetHints":{"allow":["GET"]}}],"collection":[{"href":"https:\/\/www.europesays.com\/pt\/wp-json\/wp\/v2\/posts"}],"about":[{"href":"https:\/\/www.europesays.com\/pt\/wp-json\/wp\/v2\/types\/post"}],"author":[{"embeddable":true,"href":"https:\/\/www.europesays.com\/pt\/wp-json\/wp\/v2\/users\/2"}],"replies":[{"embeddable":true,"href":"https:\/\/www.europesays.com\/pt\/wp-json\/wp\/v2\/comments?post=121727"}],"version-history":[{"count":0,"href":"https:\/\/www.europesays.com\/pt\/wp-json\/wp\/v2\/posts\/121727\/revisions"}],"wp:featuredmedia":[{"embeddable":true,"href":"https:\/\/www.europesays.com\/pt\/wp-json\/wp\/v2\/media\/121728"}],"wp:attachment":[{"href":"https:\/\/www.europesays.com\/pt\/wp-json\/wp\/v2\/media?parent=121727"}],"wp:term":[{"taxonomy":"category","embeddable":true,"href":"https:\/\/www.europesays.com\/pt\/wp-json\/wp\/v2\/categories?post=121727"},{"taxonomy":"post_tag","embeddable":true,"href":"https:\/\/www.europesays.com\/pt\/wp-json\/wp\/v2\/tags?post=121727"}],"curies":[{"name":"wp","href":"https:\/\/api.w.org\/{rel}","templated":true}]}}