{"id":121731,"date":"2025-10-22T13:28:22","date_gmt":"2025-10-22T13:28:22","guid":{"rendered":"https:\/\/www.europesays.com\/pt\/121731\/"},"modified":"2025-10-22T13:28:22","modified_gmt":"2025-10-22T13:28:22","slug":"ccxp25-confirma-presenca-de-pedro-bandeira-autor-da-serie-os-karas","status":"publish","type":"post","link":"https:\/\/www.europesays.com\/pt\/121731\/","title":{"rendered":"CCXP25 confirma presen\u00e7a de Pedro Bandeira, autor da s\u00e9rie \u201cOs Karas\u201d\u00a0"},"content":{"rendered":"<p>            <a href=\"https:\/\/www.europesays.com\/pt\/wp-content\/uploads\/2025\/10\/Pedro-Bandeira-CCXP.jpg\" data-caption=\"\"><img decoding=\"async\" fetchpriority=\"high\" width=\"550\" height=\"350\" class=\"entry-thumb td-modal-image\" src=\"https:\/\/www.europesays.com\/pt\/wp-content\/uploads\/2025\/10\/Pedro-Bandeira-CCXP.jpg\"   alt=\"\" title=\"Pedro-Bandeira---CCXP\"\/><\/a><\/p>\n<p><a href=\"https:\/\/bit.ly\/bannerpleno2\" target=\"_blank\" rel=\"nofollow noopener\"><img decoding=\"async\" src=\"https:\/\/www.europesays.com\/pt\/wp-content\/uploads\/2025\/10\/Banner_gif_pleno_agosto.gif\"\/><\/a><\/p>\n<p>A CCXP25, o maior festival de cultura pop do mundo, anuncia a participa\u00e7\u00e3o de Pedro Bandeira em sua pr\u00f3xima edi\u00e7\u00e3o, que acontece de 4 a 7 de dezembro no S\u00e3o Paulo Expo.<\/p>\n<p>Autor de livros infantojuvenis que marcaram gera\u00e7\u00f5es, ele chega \u00e0 CCXP para o lan\u00e7amento da vers\u00e3o em quadrinhos do cl\u00e1ssico A droga da obedi\u00eancia, publicado pela editora Moderna, com roteiro de Felipe Pan, ilustra\u00e7\u00e3o de Olavo Costa e cores de Mariane Gusm\u00e3o.<\/p>\n<p>Bandeira estar\u00e1 presente no Artists\u2019 Valley, no dia 7 de dezembro (domingo), onde receber\u00e1 f\u00e3s e celebrar\u00e1 uma trajet\u00f3ria que atravessa d\u00e9cadas e influenciou leitores desde os anos 1980.<\/p>\n<p>Nascido em Santos (SP) em 1942, Pedro Bandeira se mudou para S\u00e3o Paulo aos 19 anos e iniciou uma trajet\u00f3ria diversa, atuando como ator, diretor e cen\u00f3grafo.<\/p>\n<p>Tamb\u00e9m trabalhou na televis\u00e3o como redator e editor, at\u00e9 descobrir na literatura sua grande voca\u00e7\u00e3o. Em 1972, come\u00e7ou a escrever para revistas infantis da Editora Abril e, em 1983, lan\u00e7ou seu primeiro livro, O dinossauro que fazia au-au.<\/p>\n<p>An\u00fancio<a href=\"https:\/\/bit.ly\/mIdiakit2024\" target=\"_blank\" rel=\"nofollow noopener\"><img decoding=\"async\" src=\"https:\/\/www.europesays.com\/pt\/wp-content\/uploads\/2025\/10\/bannera.jpg\"\/><\/a><\/p>\n<p>Um ano depois, veio o sucesso que o consagraria: A droga da obedi\u00eancia, primeira aventura do grupo \u201cOs Karas\u201d.<\/p>\n<p>Com mais de 100 livros publicados e 20 milh\u00f5es de exemplares vendidos, Bandeira \u00e9 hoje um dos autores mais lidos do pa\u00eds.<\/p>\n<p>A Droga da Obedi\u00eancia completou 40 anos em 2024, e em breve ganhar\u00e1 as telonas com sua primeira adapta\u00e7\u00e3o para os cinemas, com produ\u00e7\u00e3o da Conspira\u00e7\u00e3o e coprodu\u00e7\u00e3o Globo Filmes e Scriptonita Films.<\/p>\n<p>A Droga da Obedi\u00eancia j\u00e1 vendeu mais de 4 milh\u00f5es de c\u00f3pias, e \u00e9 o livro inaugural da s\u00e9rie liter\u00e1ria Os Karas, que totaliza 8 milh\u00f5es de livros vendidos<\/p>\n<p>Na CCXP25, a presen\u00e7a do autor se soma a outros grandes nomes j\u00e1 confirmados para o Artists\u2019 Valley, como:\u00a0<\/p>\n<ul class=\"wp-block-list\">\n<li><strong>Sara Pichelli<\/strong> \u2013 co-criadora de Miles Morales e artista de t\u00edtulos como Spider Man, Guardians of the Galaxy e Scarlet Witch<\/li>\n<li><strong>Joe Quesada<\/strong> \u2013 ex-editor-chefe e Chief Creative Officer da Marvel Comics, criador de Disciple e artista de t\u00edtulos como Demolidor e Homem-Aranha<\/li>\n<li><strong>Netho Diaz \u2013 <\/strong>brasileiro com trabalhos em Cobra Commander, G.I. Joe, Wolverine e Venom<\/li>\n<li><strong>J. M. DeMatteis \u2013 <\/strong>roteirista de Homem-Aranha: A \u00daltima Ca\u00e7ada de Kraven e Moonshadow<\/li>\n<li><strong>Gerry Conway<\/strong>\u2013 roteirista de A Morte de Gwen Stacy e co-criador do Justiceiro<\/li>\n<li><strong>Elena Casagrande<\/strong>, <strong>Phil Hester<\/strong>, <strong>Nick Dragotta<\/strong>, <strong>Frank Martin<\/strong>, <strong>John Timms<\/strong>, <strong>Lucas Meyer<\/strong>, entre outros.<\/li>\n<\/ul>\n<p><strong>SERVI\u00c7O:<\/strong><\/p>\n<p>Data: 04 a 07 de dezembro de 2025<\/p>\n<p>Local: S\u00e3o Paulo Expo<\/p>\n<p>Endere\u00e7o: Rod. dos Imigrantes, KM 1,5 \u2013 S\u00e3o Paulo\/SP<\/p>\n<p>Hor\u00e1rios de funcionamento: Quinta (04\/12): das 12h \u00e0s 21h | Sexta (05\/12): das 12h \u00e0s 21h | S\u00e1bado (06\/12): das 11h \u00e0s 21h | Domingo (07\/12): das 11h \u00e0s 20h<\/p>\n<p>Spoiler Night (Exclusivo Epic Pass, Unlock+CCXP, Imprensa e Convidados): 03\/12, das 18h \u00e0s 21h<\/p>\n<p><a href=\"http:\/\/bit.ly\/4o7QVEE\" target=\"_blank\" rel=\"nofollow noopener\"><img decoding=\"async\" src=\"https:\/\/www.europesays.com\/pt\/wp-content\/uploads\/2025\/10\/CEM-Brasil_dez25.png\"\/><\/a>        <\/p>\n","protected":false},"excerpt":{"rendered":"A CCXP25, o maior festival de cultura pop do mundo, anuncia a participa\u00e7\u00e3o de Pedro Bandeira em sua&hellip;\n","protected":false},"author":2,"featured_media":121732,"comment_status":"","ping_status":"","sticky":false,"template":"","format":"standard","meta":{"footnotes":""},"categories":[143],"tags":[169,28181,114,115,28182,170,28183,32,33],"class_list":{"0":"post-121731","1":"post","2":"type-post","3":"status-publish","4":"format-standard","5":"has-post-thumbnail","7":"category-livros","8":"tag-books","9":"tag-ccxp","10":"tag-entertainment","11":"tag-entretenimento","12":"tag-feiras-de-negocios","13":"tag-livros","14":"tag-omelete","15":"tag-portugal","16":"tag-pt"},"share_on_mastodon":{"url":"https:\/\/pubeurope.com\/@pt\/115418058502672133","error":""},"_links":{"self":[{"href":"https:\/\/www.europesays.com\/pt\/wp-json\/wp\/v2\/posts\/121731","targetHints":{"allow":["GET"]}}],"collection":[{"href":"https:\/\/www.europesays.com\/pt\/wp-json\/wp\/v2\/posts"}],"about":[{"href":"https:\/\/www.europesays.com\/pt\/wp-json\/wp\/v2\/types\/post"}],"author":[{"embeddable":true,"href":"https:\/\/www.europesays.com\/pt\/wp-json\/wp\/v2\/users\/2"}],"replies":[{"embeddable":true,"href":"https:\/\/www.europesays.com\/pt\/wp-json\/wp\/v2\/comments?post=121731"}],"version-history":[{"count":0,"href":"https:\/\/www.europesays.com\/pt\/wp-json\/wp\/v2\/posts\/121731\/revisions"}],"wp:featuredmedia":[{"embeddable":true,"href":"https:\/\/www.europesays.com\/pt\/wp-json\/wp\/v2\/media\/121732"}],"wp:attachment":[{"href":"https:\/\/www.europesays.com\/pt\/wp-json\/wp\/v2\/media?parent=121731"}],"wp:term":[{"taxonomy":"category","embeddable":true,"href":"https:\/\/www.europesays.com\/pt\/wp-json\/wp\/v2\/categories?post=121731"},{"taxonomy":"post_tag","embeddable":true,"href":"https:\/\/www.europesays.com\/pt\/wp-json\/wp\/v2\/tags?post=121731"}],"curies":[{"name":"wp","href":"https:\/\/api.w.org\/{rel}","templated":true}]}}