{"id":121739,"date":"2025-10-22T13:33:08","date_gmt":"2025-10-22T13:33:08","guid":{"rendered":"https:\/\/www.europesays.com\/pt\/121739\/"},"modified":"2025-10-22T13:33:08","modified_gmt":"2025-10-22T13:33:08","slug":"viver-bem-com-a-menopausa-foi-tema-de-sessao-de-informacao-promovida-pelo-municipio","status":"publish","type":"post","link":"https:\/\/www.europesays.com\/pt\/121739\/","title":{"rendered":"&#8220;Viver bem com a Menopausa&#8221; foi tema de sess\u00e3o de informa\u00e7\u00e3o promovida pelo Munic\u00edpio"},"content":{"rendered":"<p>Realizou-se na \u00faltima ter\u00e7a-feira, 21 de outubro, no edif\u00edcio da Torre da Oliva, a sess\u00e3o &#8220;Viver bem com a Menopausa&#8221;, dinamizada pela\u00a0enfermeira\u00a0M\u00f3nica Andrade, da Unidade de Cuidados Continuados\u00a0(UCC) de S. Jo\u00e3o da Madeira.<br \/>Atendendo a que a experi\u00eancia da menopausa difere de pessoa para pessoa, o objetivo desta a\u00e7\u00e3o foi o de &#8220;capacitar as mulheres com informa\u00e7\u00f5es precisas e consistentes, para poderem tomar as melhores escolhas e terem mais qualidade durante esta etapa do seu ciclo de vida&#8221;.<br \/>No in\u00edcio da sua interven\u00e7\u00e3o , a enfermeira M\u00f3nica Andrade referiu, perante mais de duas dezenas de pessoas presentes, que a a\u00e7\u00e3o da UCC \u00e9, em grande medida, &#8220;direcionada para a comunidade, nas v\u00e1rias etapas da vida\u201d, sendo esse o contexto da sua participa\u00e7\u00e3o na sess\u00e3o\u00a0&#8220;Viver bem com a Menopausa&#8221;, a convite da autarquia.<br \/>Tratando-se de uma tem\u00e1tica \u201cextremamente importante\u201d, em rela\u00e7\u00e3o \u00e0 qual muitas pessoas se confrontam com \u201calguma escassez\u201d de informa\u00e7\u00e3o, esta\u00a0iniciativa pretendeu lan\u00e7ar, de acordo com M\u00f3nica Andrade,\u00a0\u201calgumas luzes, algumas no\u00e7\u00f5es sobre aquilo que \u00e9 normal acontecer no corpo da mulher\u201d quando esta\u00a0deixa de estar\u00a0no ciclo reprodutivo.<br \/>Promovida pela C\u00e2mara Municipal de S. Jo\u00e3o da Madeira e integrada na Agenda Municipal da Sa\u00fade, a sess\u00e3o &#8220;Viver bem com a Menopausa&#8221; inseriu-se no Projeto SER (S\u00c3O)joanense, financiado pelo Plano de Recupera\u00e7\u00e3o e Resili\u00eancia (PRR).<\/p>\n","protected":false},"excerpt":{"rendered":"Realizou-se na \u00faltima ter\u00e7a-feira, 21 de outubro, no edif\u00edcio da Torre da Oliva, a sess\u00e3o &#8220;Viver bem com&hellip;\n","protected":false},"author":2,"featured_media":121740,"comment_status":"","ping_status":"","sticky":false,"template":"","format":"standard","meta":{"footnotes":""},"categories":[86],"tags":[116,4560,28185,32,33,117,28184],"class_list":{"0":"post-121739","1":"post","2":"type-post","3":"status-publish","4":"format-standard","5":"has-post-thumbnail","7":"category-saude","8":"tag-health","9":"tag-menopausa","10":"tag-monica-andrade","11":"tag-portugal","12":"tag-pt","13":"tag-saude","14":"tag-torre-da-oliva"},"share_on_mastodon":{"url":"https:\/\/pubeurope.com\/@pt\/115418078139731382","error":""},"_links":{"self":[{"href":"https:\/\/www.europesays.com\/pt\/wp-json\/wp\/v2\/posts\/121739","targetHints":{"allow":["GET"]}}],"collection":[{"href":"https:\/\/www.europesays.com\/pt\/wp-json\/wp\/v2\/posts"}],"about":[{"href":"https:\/\/www.europesays.com\/pt\/wp-json\/wp\/v2\/types\/post"}],"author":[{"embeddable":true,"href":"https:\/\/www.europesays.com\/pt\/wp-json\/wp\/v2\/users\/2"}],"replies":[{"embeddable":true,"href":"https:\/\/www.europesays.com\/pt\/wp-json\/wp\/v2\/comments?post=121739"}],"version-history":[{"count":0,"href":"https:\/\/www.europesays.com\/pt\/wp-json\/wp\/v2\/posts\/121739\/revisions"}],"wp:featuredmedia":[{"embeddable":true,"href":"https:\/\/www.europesays.com\/pt\/wp-json\/wp\/v2\/media\/121740"}],"wp:attachment":[{"href":"https:\/\/www.europesays.com\/pt\/wp-json\/wp\/v2\/media?parent=121739"}],"wp:term":[{"taxonomy":"category","embeddable":true,"href":"https:\/\/www.europesays.com\/pt\/wp-json\/wp\/v2\/categories?post=121739"},{"taxonomy":"post_tag","embeddable":true,"href":"https:\/\/www.europesays.com\/pt\/wp-json\/wp\/v2\/tags?post=121739"}],"curies":[{"name":"wp","href":"https:\/\/api.w.org\/{rel}","templated":true}]}}