{"id":121743,"date":"2025-10-22T13:37:09","date_gmt":"2025-10-22T13:37:09","guid":{"rendered":"https:\/\/www.europesays.com\/pt\/121743\/"},"modified":"2025-10-22T13:37:09","modified_gmt":"2025-10-22T13:37:09","slug":"utilizacao-global-de-carvao-cresceu-para-nivel-historico-em-2024","status":"publish","type":"post","link":"https:\/\/www.europesays.com\/pt\/121743\/","title":{"rendered":"Utiliza\u00e7\u00e3o global de carv\u00e3o cresceu para n\u00edvel hist\u00f3rico em 2024"},"content":{"rendered":"<p style=\"display: inline;\">\n                    A participa\u00e7\u00e3o do carv\u00e3o na gera\u00e7\u00e3o de eletricidade caiu com o avan\u00e7o das energias renov\u00e1veis. Mas o aumento geral da procura de energia significou que foi utilizado mais carv\u00e3o em geral, segundo o relat\u00f3rio anual State of Climate Action, publicado esta quarta-feira.<\/p>\n<p>O <a href=\"https:\/\/systemschangelab.org\/state-climate-action-2025\" target=\"_blank\" rel=\"nofollow noopener\">relat\u00f3rio<\/a> pinta um quadro sombrio das hip\u00f3teses do mundo de evitar impactos cada vez mais severos da crise clim\u00e1tica. <b>Os pa\u00edses est\u00e3o a ficar aqu\u00e9m das metas estabelecidas para reduzir as emiss\u00f5es de gases com efeito de estufa, que continuaram a aumentar, embora a um ritmo mais lento do que anteriormente.<\/b><br \/>&#13;<br \/>\n&#13;\n<\/p>\n<p>\u201cN\u00e3o h\u00e1 d\u00favida de que estamos, em grande parte, a fazer as coisas certas. Simplesmente n\u00e3o estamos a avan\u00e7ar com a rapidez necess\u00e1ria. Uma das conclus\u00f5es mais preocupantes da nossa avalia\u00e7\u00e3o \u00e9 que, pelo quinto relat\u00f3rio consecutivo da nossa s\u00e9rie, os esfor\u00e7os para eliminar o carv\u00e3o est\u00e3o muito longe do caminho certo\u201d, afirmou ao jornal brit\u00e2nico <a href=\"https:\/\/www.theguardian.com\/environment\/2025\/oct\/22\/global-use-of-coal-hit-record-high-in-2024\" target=\"_blank\" rel=\"nofollow noopener\">The Guardian<\/a> Clea Schumer, investigadora associada do think tank World Resources Institute. Se o mundo quiser atingir emiss\u00f5es l\u00edquidas zero de &#13;<br \/>\ncarbono at\u00e9 2050, a fim de limitar o aquecimento global a 1,5\u00b0C acima &#13;<br \/>\ndos n\u00edveis pr\u00e9-industriais, conforme estabelecido no acordo clim\u00e1tico de&#13;<br \/>\nParis, mais sectores devem utilizar eletricidade em vez de petr\u00f3leo, &#13;<br \/>\ng\u00e1s ou outros combust\u00edveis f\u00f3sseis. <\/p>\n<p>Mas isto s\u00f3 funcionar\u00e1 se o fornecimento global de eletricidade for redirecionado para um patamar de baixo carbono. <b>\u201cO problema \u00e9 que um sistema energ\u00e9tico que depende de combust\u00edveis f\u00f3sseis tem enormes efeitos em cascata\u201d<\/b>, acrescentou Schumer. <\/p>\n<p><b>\u201cA mensagem sobre isto \u00e9 cristalina. Simplesmente n\u00e3o limitaremos o aquecimento a 1,5\u00b0C se o uso do carv\u00e3o continuar a bater recordes\u201d.<\/b><\/p>\n<p>Embora a maioria dos governos deva visar a &#8220;redu\u00e7\u00e3o gradual&#8221; da utiliza\u00e7\u00e3o do carv\u00e3o ap\u00f3s um compromisso assumido em 2021, alguns est\u00e3o a avan\u00e7ar com o combust\u00edvel mais poluente. <b>O primeiro-ministro da \u00cdndia, Narendra Modi, celebrou a ultrapassagem de mil milh\u00f5es de toneladas de produ\u00e7\u00e3o de carv\u00e3o este ano, e nos EUA, Donald Trump declarou o seu apoio ao carv\u00e3o e a outros combust\u00edveis f\u00f3sseis. <\/b><\/p>\n<p>Os esfor\u00e7os de Trump para travar os projetos de energias renov\u00e1veis e remover o financiamento e os incentivos \u00e0 mudan\u00e7a para fontes de energia de baixo carbono ainda n\u00e3o se fizeram sentir sob a forma de maiores emiss\u00f5es de gases com efeito de estufa. Mas o relat\u00f3rio sugeriu que estes esfor\u00e7os teriam um efeito no futuro, embora outros, incluindo a China e a Uni\u00e3o Europeia, pudessem atenuar o impacto continuando a favorecer as energias renov\u00e1veis. <\/p>\n<p><b>A boa not\u00edcia \u00e9 que a gera\u00e7\u00e3o de energia renov\u00e1vel cresceu &#8220;exponencialmente&#8221;, de acordo com o relat\u00f3rio, que concluiu que a energia solar \u00e9 &#8220;a fonte de energia com o crescimento mais r\u00e1pido da hist\u00f3ria&#8221;. <\/b>No entanto, isto ainda n\u00e3o \u00e9 suficiente: as taxas de crescimento anual &#13;<br \/>\nda energia solar e e\u00f3lica precisam de duplicar para que o mundo consiga &#13;<br \/>\nos cortes de emiss\u00f5es necess\u00e1rios at\u00e9 ao final desta d\u00e9cada. <\/p>\n<p>\u201cN\u00e3o h\u00e1 d\u00favida de que os recentes ataques dos Estados Unidos \u00e0 energia limpa tornam mais desafiante para o mundo manter a meta do Acordo de Paris ao seu alcance. Mas <b>a transi\u00e7\u00e3o mais ampla \u00e9 muito maior do que qualquer pa\u00eds, e o impulso est\u00e1 a crescer nos mercados e economias emergentes, onde a energia limpa se tornou o caminho mais barato e fi\u00e1vel para o crescimento econ\u00f3mico e a seguran\u00e7a energ\u00e9tica<\/b>, explicou Sophie Boehm, investigadora associada do laborat\u00f3rio de mudan\u00e7a de sistemas do WRI e principal autora do relat\u00f3rio. <\/p>\n<p>O mundo est\u00e1 a avan\u00e7ar muito lentamente na melhoria da efici\u00eancia energ\u00e9tica, em particular na redu\u00e7\u00e3o do carbono gerado pelo aquecimento dos edif\u00edcios. <\/p>\n<p>As emiss\u00f5es industriais s\u00e3o tamb\u00e9m uma preocupa\u00e7\u00e3o: o sector do a\u00e7o tem aumentado a sua \u201cintensidade de carbono\u201d \u2013 o carbono produzido com cada unidade de a\u00e7o fabricada \u2013 apesar dos esfor\u00e7os de alguns pa\u00edses para adotar m\u00e9todos de baixo carbono.<\/p>\n<p><b>A eletrifica\u00e7\u00e3o do transporte rodovi\u00e1rio est\u00e1 a avan\u00e7ar mais rapidamente \u2013 mais de um em cada cinco ve\u00edculos novos vendidos no ano passado era el\u00e9trico.<\/b> Na China, a participa\u00e7\u00e3o ficou perto de metade.<\/p>\n<p>O relat\u00f3rio alertou ainda para o estado dos &#8220;sumidouros de carbono&#8221; do mundo \u2013 florestas, turfeiras, zonas h\u00famidas, oceanos e outros recursos naturais que armazenam carbono. <b>Embora v\u00e1rios pa\u00edses se tenham comprometido repetidamente a proteger as suas florestas, estas continuam a ser desmatadas, embora a um ritmo mais lento em algumas \u00e1reas.<\/b>Em 2024, mais de oito milh\u00f5es de hectares de &#13;<br \/>\nfloresta foram perdidos permanentemente. Este n\u00famero \u00e9 inferior ao pico &#13;<br \/>\nde quase 11 milh\u00f5es de hectares atingidos em 2017, mas pior do que os &#13;<br \/>\n7,8 milh\u00f5es de hectares perdidos em 2021.  <\/p>\n<p>O mundo precisa de se mover nove vezes mais depressa para conter a desfloresta\u00e7\u00e3o do que os governos est\u00e3o a conseguir, concluiu o relat\u00f3rio.<\/p>\n<p><b>L\u00edderes mundiais v\u00e3o reunir-se no Brasil no pr\u00f3ximo m\u00eas para a cimeira do clima da ONU, COP30, para discutir como colocar o mundo no caminho certo para se manter a meta de 1,5\u00b0C de aquecimento global, em conformidade com o acordo clim\u00e1tico de Paris de 2015. <\/b><\/p>\n<p>Cada governo deve apresentar um plano nacional detalhado sobre cortes de emiss\u00f5es, chamado &#8220;contribui\u00e7\u00e3o nacionalmente determinada&#8221;. Mas j\u00e1 \u00e9 claro que estes planos ser\u00e3o inadequados, pelo que a quest\u00e3o principal ser\u00e1 a forma como os pa\u00edses responder\u00e3o.<br \/>&#13;<\/p>\n","protected":false},"excerpt":{"rendered":"A participa\u00e7\u00e3o do carv\u00e3o na gera\u00e7\u00e3o de eletricidade caiu com o avan\u00e7o das energias renov\u00e1veis. Mas o aumento&hellip;\n","protected":false},"author":2,"featured_media":121744,"comment_status":"","ping_status":"","sticky":false,"template":"","format":"standard","meta":{"footnotes":""},"categories":[50],"tags":[17718,2335,5291,726,27,28,28186,6391,3118,5041,15,16,14,25,26,21,22,62,12,13,19,20,23,24,28187,17,18,29,30,31,63,64,65],"class_list":{"0":"post-121743","1":"post","2":"type-post","3":"status-publish","4":"format-standard","5":"has-post-thumbnail","7":"category-mundo","8":"tag-acordo-de-paris","9":"tag-alteracoes-climaticas","10":"tag-aquecimento-global","11":"tag-brasil","12":"tag-breaking-news","13":"tag-breakingnews","14":"tag-carvao","15":"tag-cop30","16":"tag-eletricidade","17":"tag-energias-renovaveis","18":"tag-featured-news","19":"tag-featurednews","20":"tag-headlines","21":"tag-latest-news","22":"tag-latestnews","23":"tag-main-news","24":"tag-mainnews","25":"tag-mundo","26":"tag-news","27":"tag-noticias","28":"tag-noticias-principais","29":"tag-noticiasprincipais","30":"tag-principais-noticias","31":"tag-principaisnoticias","32":"tag-state-of-climate-action","33":"tag-top-stories","34":"tag-topstories","35":"tag-ultimas","36":"tag-ultimas-noticias","37":"tag-ultimasnoticias","38":"tag-world","39":"tag-world-news","40":"tag-worldnews"},"share_on_mastodon":{"url":"","error":"Validation failed: Text character limit of 500 exceeded"},"_links":{"self":[{"href":"https:\/\/www.europesays.com\/pt\/wp-json\/wp\/v2\/posts\/121743","targetHints":{"allow":["GET"]}}],"collection":[{"href":"https:\/\/www.europesays.com\/pt\/wp-json\/wp\/v2\/posts"}],"about":[{"href":"https:\/\/www.europesays.com\/pt\/wp-json\/wp\/v2\/types\/post"}],"author":[{"embeddable":true,"href":"https:\/\/www.europesays.com\/pt\/wp-json\/wp\/v2\/users\/2"}],"replies":[{"embeddable":true,"href":"https:\/\/www.europesays.com\/pt\/wp-json\/wp\/v2\/comments?post=121743"}],"version-history":[{"count":0,"href":"https:\/\/www.europesays.com\/pt\/wp-json\/wp\/v2\/posts\/121743\/revisions"}],"wp:featuredmedia":[{"embeddable":true,"href":"https:\/\/www.europesays.com\/pt\/wp-json\/wp\/v2\/media\/121744"}],"wp:attachment":[{"href":"https:\/\/www.europesays.com\/pt\/wp-json\/wp\/v2\/media?parent=121743"}],"wp:term":[{"taxonomy":"category","embeddable":true,"href":"https:\/\/www.europesays.com\/pt\/wp-json\/wp\/v2\/categories?post=121743"},{"taxonomy":"post_tag","embeddable":true,"href":"https:\/\/www.europesays.com\/pt\/wp-json\/wp\/v2\/tags?post=121743"}],"curies":[{"name":"wp","href":"https:\/\/api.w.org\/{rel}","templated":true}]}}