{"id":121753,"date":"2025-10-22T13:47:17","date_gmt":"2025-10-22T13:47:17","guid":{"rendered":"https:\/\/www.europesays.com\/pt\/121753\/"},"modified":"2025-10-22T13:47:17","modified_gmt":"2025-10-22T13:47:17","slug":"senadora-pressiona-anvisa-por-liberacao-da-polilaminina-22-10-2025-equilibrio-e-saude","status":"publish","type":"post","link":"https:\/\/www.europesays.com\/pt\/121753\/","title":{"rendered":"Senadora pressiona Anvisa por libera\u00e7\u00e3o da Polilaminina &#8211; 22\/10\/2025 &#8211; Equil\u00edbrio e Sa\u00fade"},"content":{"rendered":"<p>Desde que sofreu um acidente grave de carro, que a deixou parapl\u00e9gica h\u00e1 30 anos, Mara Gabrilli, 58, nunca deixou de buscar por uma evolu\u00e7\u00e3o de seu quadro e de preparar o corpo para um dia conseguir voltar a andar. A hoje senadora pelo PSD de S\u00e3o Paulo deixa um par de chilenos na lateral da cama todas as noites antes de dormir, na esperan\u00e7a de despertar em uma condi\u00e7\u00e3o diferente da atual.<\/p>\n<p>Mara \u00e9 um dos milh\u00f5es de entusiastas do <a href=\"https:\/\/www1.folha.uol.com.br\/equilibrioesaude\/2025\/09\/medicamento-brasileiro-inedito-tido-como-capaz-de-reverter-lesao-medular-e-apresentado-em-sp.shtml\" rel=\"nofollow noopener\" target=\"\">medicamento polilaminina<\/a>, que durante pesquisa cient\u00edfica se revelou capaz de reverter les\u00f5es medulares em animais e em humanos. Feito por meio de uma prote\u00edna extra\u00edda da placenta, <a href=\"https:\/\/www1.folha.uol.com.br\/equilibrioesaude\/2025\/09\/polilaminina-tire-duvidas-sobre-o-remedio-para-lesao-medular.shtml\" rel=\"nofollow noopener\" target=\"\">o rem\u00e9dio foi desenvolvido<\/a> pela pesquisadora Tatiana Sampaio, na UFRJ (Universidade Federal do Rio de Janeiro), e hoje tem o patroc\u00ednio do laborat\u00f3rio Crist\u00e1lia.<\/p>\n<p>O f\u00e1rmaco, que <a href=\"https:\/\/fotografia.folha.uol.com.br\/galerias\/1842800906279844-medicamento-brasileiro-capaz-de-reverter-lesao-medular-e-apresentado-em-sao-paulo\" rel=\"nofollow noopener\" target=\"\">ficou em estudos por 25 anos<\/a> antes de ser divulgado, j\u00e1 passou por nove questionamentos de seguran\u00e7a da Anvisa (Ag\u00eancia Nacional de Vigil\u00e2ncia Sanit\u00e1ria) para conseguir libera\u00e7\u00e3o para uma nova e definitiva fase de testes. O \u00faltimo dos questionamentos foi entregue no dia 10 de outubro.<\/p>\n<p>&#8220;A not\u00edcia sobre um novo medicamento potente me atinge de uma maneira profundamente pessoal e otimista. N\u00e3o \u00e9 apenas um avan\u00e7o m\u00e9dico, \u00e9 a materializa\u00e7\u00e3o de expetativas, que por tanto tempo pareceram abstratas&#8221;, diz Gabrilli.<\/p>\n<p>A senadora afirma que &#8220;\u00e9 uma esperan\u00e7a coletiva. \u00c9 a les\u00e3o medular deixando de ser uma condi\u00e7\u00e3o permanente para uma trat\u00e1vel ou revers\u00edvel. Sinto que meu corpo est\u00e1 pronto para essa mudan\u00e7a&#8221;.<\/p>\n<p>Mara se diz incomodada com o tempo de an\u00e1lise da polilamina pela Anvisa. O medicamento dever\u00e1 ser aplicado ainda em fase experimental em um grupo maior de pessoas, com les\u00f5es medulares cr\u00f4nicas que tiverem acontecido h\u00e1 no m\u00e1ximo quatro dias.<\/p>\n<p>&#8220;Seria estranho, no m\u00ednimo, se eu dissesse que n\u00e3o incomoda [o tempo para a libera\u00e7\u00e3o]. Temos pressa&#8221;, diz a parlamentar. &#8220;Contudo, \u00e9 necess\u00e1rio pensarmos tamb\u00e9m em seguran\u00e7a cl\u00ednica, n\u00e3o podemos nos submeter a pesquisas sedimentadas apenas em esperan\u00e7a. Mas temos hoje um farol aceso pela <a href=\"https:\/\/www1.folha.uol.com.br\/folha-topicos\/ciencia\/\" rel=\"nofollow noopener\" target=\"_blank\">ci\u00eancia<\/a>, e ele n\u00e3o \u00e9 pouca coisa.&#8221;<\/p>\n<p>Em nota, a Anvisa informou que, caso os \u00faltimos questionamentos feitos demonstrem que o produto \u00e9 seguro para o uso por pacientes, &#8220;a Anvisa autorizar\u00e1 o in\u00edcio da primeira de tr\u00eas etapas do desenvolvimento cl\u00ednico [estudo cl\u00ednico Fase 1], necess\u00e1rias para respaldar um futuro registro do medicamento&#8221;.<\/p>\n<p>Na segunda-feira (20), uma audi\u00eancia p\u00fablica no <a href=\"https:\/\/www1.folha.uol.com.br\/folha-topicos\/senado\/\" rel=\"nofollow noopener\" target=\"_blank\">Senado<\/a>, convocada por Mara Gabrilli, discutiu inova\u00e7\u00f5es em <a href=\"https:\/\/www1.folha.uol.com.br\/folha-topicos\/saude\/\" rel=\"nofollow noopener\" target=\"_blank\">sa\u00fade<\/a> e contou com representantes da ind\u00fastria farmac\u00eautica e tamb\u00e9m com os representantes da polilaminina.<\/p>\n<p>No evento, o presidente da Anvisa, Leandro Safatle, deu uma declara\u00e7\u00e3o, por v\u00eddeo, em que diz que novas tecnologias t\u00eam desafiado o sistema regulat\u00f3rio, mas que a ag\u00eancia ir\u00e1 atuar como um facilitador do desenvolvimento.<\/p>\n<p>Embora afirme entender que a Anvisa precisa zelar pela seguran\u00e7a das pessoas, que \u00e9 preciso ter paci\u00eancia e confiar no rigor das avalia\u00e7\u00f5es da ag\u00eancia, a senadora diz que a demora na aprova\u00e7\u00e3o pode custar anos de autonomia e qualidade de vida.<\/p>\n<p>&#8220;Valorizo e espero, realmente, que a ag\u00eancia utilize mecanismos para acelerar o acesso a inova\u00e7\u00f5es como a polilaminina. A ag\u00eancia n\u00e3o pode ser um obst\u00e1culo \u00e0 esperan\u00e7a das pessoas, mas sim o validador que vai garantir que, quando o tratamento chegue, ele seja seguro e transformador&#8221;, afirma.<\/p>\n<p>A Anvisa informou que tem discutido e orientado a empresa Crist\u00e1lia por meio de reuni\u00f5es t\u00e9cnicas e aconselhamento cient\u00edfico, desde \u00e0 submiss\u00e3o dos primeiros dados no final de 2022,<\/p>\n<p>&#8220;As informa\u00e7\u00f5es apresentadas inicialmente foram geradas a partir de testes iniciais de bancada [laborat\u00f3rio], em modelos animais e em alguns poucos pacientes. Essas primeiras pesquisas n\u00e3o tinham o objetivo de apoiar o registro do produto para disponibiliza\u00e7\u00e3o no mercado brasileiro&#8221;, afirmou a ag\u00eancia por meio de nota.<\/p>\n<p>Ainda de acordo com a ag\u00eancia, a Crist\u00e1lia assumiu o projeto de desenvolvimento da polilaminina com a finalidade de registr\u00e1-la futuramente. &#8220;Para esta etapa a empresa deve cumprir com todos os requisitos regulat\u00f3rios previstos para registros de <a href=\"https:\/\/www1.folha.uol.com.br\/folha-topicos\/medicamentos\/\" rel=\"nofollow noopener\" target=\"_blank\">medicamentos<\/a>. Quando o estudo tem a inten\u00e7\u00e3o de sustentar um futuro processo de registro s\u00e3o necess\u00e1rias evid\u00eancias robustas que demonstrem que o uso do produto em seres humanos \u00e9 seguro, e que os benef\u00edcios superam os riscos&#8221;.<\/p>\n<p>A ag\u00eancia informou ainda que &#8220;embora os resultados de laborat\u00f3rios sejam promissores, ainda n\u00e3o \u00e9 poss\u00edvel fazer qualquer afirma\u00e7\u00e3o quanto \u00e0 seguran\u00e7a e efic\u00e1cia da subst\u00e2ncia&#8221;.<\/p>\n","protected":false},"excerpt":{"rendered":"Desde que sofreu um acidente grave de carro, que a deixou parapl\u00e9gica h\u00e1 30 anos, Mara Gabrilli, 58,&hellip;\n","protected":false},"author":2,"featured_media":121754,"comment_status":"","ping_status":"","sticky":false,"template":"","format":"standard","meta":{"footnotes":""},"categories":[86],"tags":[109,236,116,28200,5059,3083,1208,17797,32,33,117,9065],"class_list":{"0":"post-121753","1":"post","2":"type-post","3":"status-publish","4":"format-standard","5":"has-post-thumbnail","7":"category-saude","8":"tag-ciencia","9":"tag-folha","10":"tag-health","11":"tag-mara-gabrilli","12":"tag-medicamento","13":"tag-medicamentos","14":"tag-medicina","15":"tag-pessoa-com-deficiencia","16":"tag-portugal","17":"tag-pt","18":"tag-saude","19":"tag-senado"},"share_on_mastodon":{"url":"https:\/\/pubeurope.com\/@pt\/115418132818945162","error":""},"_links":{"self":[{"href":"https:\/\/www.europesays.com\/pt\/wp-json\/wp\/v2\/posts\/121753","targetHints":{"allow":["GET"]}}],"collection":[{"href":"https:\/\/www.europesays.com\/pt\/wp-json\/wp\/v2\/posts"}],"about":[{"href":"https:\/\/www.europesays.com\/pt\/wp-json\/wp\/v2\/types\/post"}],"author":[{"embeddable":true,"href":"https:\/\/www.europesays.com\/pt\/wp-json\/wp\/v2\/users\/2"}],"replies":[{"embeddable":true,"href":"https:\/\/www.europesays.com\/pt\/wp-json\/wp\/v2\/comments?post=121753"}],"version-history":[{"count":0,"href":"https:\/\/www.europesays.com\/pt\/wp-json\/wp\/v2\/posts\/121753\/revisions"}],"wp:featuredmedia":[{"embeddable":true,"href":"https:\/\/www.europesays.com\/pt\/wp-json\/wp\/v2\/media\/121754"}],"wp:attachment":[{"href":"https:\/\/www.europesays.com\/pt\/wp-json\/wp\/v2\/media?parent=121753"}],"wp:term":[{"taxonomy":"category","embeddable":true,"href":"https:\/\/www.europesays.com\/pt\/wp-json\/wp\/v2\/categories?post=121753"},{"taxonomy":"post_tag","embeddable":true,"href":"https:\/\/www.europesays.com\/pt\/wp-json\/wp\/v2\/tags?post=121753"}],"curies":[{"name":"wp","href":"https:\/\/api.w.org\/{rel}","templated":true}]}}