{"id":121769,"date":"2025-10-22T14:11:10","date_gmt":"2025-10-22T14:11:10","guid":{"rendered":"https:\/\/www.europesays.com\/pt\/121769\/"},"modified":"2025-10-22T14:11:10","modified_gmt":"2025-10-22T14:11:10","slug":"programa-volta-por-cima-que-oferece-auxilio-financeiro-a-estudantes-da-eja-sera-lancado-oficialmente-na-vii-bienal-do-livro-de-itabaiana","status":"publish","type":"post","link":"https:\/\/www.europesays.com\/pt\/121769\/","title":{"rendered":"Programa \u201cVolta por cima\u201d, que oferece aux\u00edlio financeiro a estudantes da EJA ser\u00e1 lan\u00e7ado oficialmente na VII Bienal do Livro de Itabaiana"},"content":{"rendered":"<p style=\"text-align: justify;\"><img loading=\"lazy\" decoding=\"async\" src=\"https:\/\/www.europesays.com\/pt\/wp-content\/uploads\/2025\/10\/media_whatsapp-image-2025-10-22-at-08-16-11-2_a3465926ff21e8b8b3f0f98487.jpeg\" alt=\"whatsapp-image-2025-10-22-at-08-16-11-2_a3465926ff21e8b8b3f0f98487.jpeg\" width=\"600\" height=\"450\"\/><\/p>\n<p style=\"text-align: justify;\">A Prefeitura de Itabaiana, atrav\u00e9s da Secretaria Municipal de Educa\u00e7\u00e3o, lan\u00e7ar\u00e1 oficialmente nesta sexta-feira, 24, o programa \u201cVolta por cima\u201d, que oferece um aux\u00edlio financeiro no valor de R$ 200,00, para estudantes da modalidade de Educa\u00e7\u00e3o de Jovens e Adultos (EJA). O lan\u00e7amento ser\u00e1 na VII Bienal do Livro de Itabaiana, a partir das 18h.\u00a0<\/p>\n<p style=\"text-align: justify;\">O objetivo do programa municipal \u00e9 justamente incentivar jovens e adultos, que por algum motivo pararam de estudar, na inf\u00e2ncia ou juventude, a retornarem os estudos, independente da idade. Atualmente, em Itabaiana, a modalidade EJA tem 430 alunos matriculados.<\/p>\n<p style=\"text-align: justify;\"><img loading=\"lazy\" decoding=\"async\" src=\"https:\/\/www.europesays.com\/pt\/wp-content\/uploads\/2025\/10\/media_whatsapp-image-2025-10-22-at-08-16-11_124a5ec7c56da095d5283.jpeg\" alt=\"whatsapp-image-2025-10-22-at-08-16-11_124a5ec7c56da095d5283.jpeg\" width=\"600\" height=\"450\"\/><\/p>\n<p style=\"text-align: justify;\">A rede municipal de ensino oferta a EJA nas seguintes unidades:<\/p>\n<p style=\"text-align: justify;\"><strong>* Escola Municipal Nivalda Lima;<\/strong><br \/><strong>* Escola Municipal Elizeu de Oliveira;<\/strong><br \/><strong>* Escola Municipal Elizete Santos;<\/strong><br \/><strong>* Escola Municipal Maria do Carmo Moura;<\/strong><br \/><strong>* Escola Municipal Irene Tavares;<\/strong><br \/><strong>* Escola Municipal Hermelina Costa;<\/strong><br \/><strong>* Escola Municipal Clara Meireles;<\/strong><br \/><strong>* Escola Municipal Benedito Figueiredo;<\/strong><br \/><strong>* Escola Municipal Dr. Jo\u00e3o Alves Filho;<\/strong><br \/><strong>* Escola Municipal Iana Monteiro.<\/strong><\/p>\n<p style=\"text-align: justify;\">Para participar do \u201cVolta por cima\u201d, o estudante deve estar matriculado na modalidade EJA, numa das escolas acima. As matr\u00edculas ser\u00e3o feitas at\u00e9 31 de outubro, nas pr\u00f3prias escolas.<\/p>\n<p style=\"text-align: justify;\"><img loading=\"lazy\" decoding=\"async\" src=\"https:\/\/www.europesays.com\/pt\/wp-content\/uploads\/2025\/10\/media_whatsapp-image-2025-10-22-at-08-16-12_df306f2a0327545b261a646da96.jpeg\" alt=\"whatsapp-image-2025-10-22-at-08-16-12_df306f2a0327545b261a646da96.jpeg\" width=\"600\" height=\"450\"\/><\/p>\n","protected":false},"excerpt":{"rendered":"A Prefeitura de Itabaiana, atrav\u00e9s da Secretaria Municipal de Educa\u00e7\u00e3o, lan\u00e7ar\u00e1 oficialmente nesta sexta-feira, 24, o programa \u201cVolta&hellip;\n","protected":false},"author":2,"featured_media":121770,"comment_status":"","ping_status":"","sticky":false,"template":"","format":"standard","meta":{"footnotes":""},"categories":[143],"tags":[28203,2857,169,114,115,28204,28205,28201,271,170,5231,32,3046,3786,33,28202],"class_list":{"0":"post-121769","1":"post","2":"type-post","3":"status-publish","4":"format-standard","5":"has-post-thumbnail","7":"category-livros","8":"tag-auxilio","9":"tag-bienal","10":"tag-books","11":"tag-entertainment","12":"tag-entretenimento","13":"tag-financeiro","14":"tag-incentivo","15":"tag-itabaiana","16":"tag-lancamento","17":"tag-livros","18":"tag-municipal","19":"tag-portugal","20":"tag-prefeitura","21":"tag-programa","22":"tag-pt","23":"tag-voltaporcima"},"share_on_mastodon":{"url":"https:\/\/pubeurope.com\/@pt\/115418227426148357","error":""},"_links":{"self":[{"href":"https:\/\/www.europesays.com\/pt\/wp-json\/wp\/v2\/posts\/121769","targetHints":{"allow":["GET"]}}],"collection":[{"href":"https:\/\/www.europesays.com\/pt\/wp-json\/wp\/v2\/posts"}],"about":[{"href":"https:\/\/www.europesays.com\/pt\/wp-json\/wp\/v2\/types\/post"}],"author":[{"embeddable":true,"href":"https:\/\/www.europesays.com\/pt\/wp-json\/wp\/v2\/users\/2"}],"replies":[{"embeddable":true,"href":"https:\/\/www.europesays.com\/pt\/wp-json\/wp\/v2\/comments?post=121769"}],"version-history":[{"count":0,"href":"https:\/\/www.europesays.com\/pt\/wp-json\/wp\/v2\/posts\/121769\/revisions"}],"wp:featuredmedia":[{"embeddable":true,"href":"https:\/\/www.europesays.com\/pt\/wp-json\/wp\/v2\/media\/121770"}],"wp:attachment":[{"href":"https:\/\/www.europesays.com\/pt\/wp-json\/wp\/v2\/media?parent=121769"}],"wp:term":[{"taxonomy":"category","embeddable":true,"href":"https:\/\/www.europesays.com\/pt\/wp-json\/wp\/v2\/categories?post=121769"},{"taxonomy":"post_tag","embeddable":true,"href":"https:\/\/www.europesays.com\/pt\/wp-json\/wp\/v2\/tags?post=121769"}],"curies":[{"name":"wp","href":"https:\/\/api.w.org\/{rel}","templated":true}]}}