{"id":121777,"date":"2025-10-22T14:20:29","date_gmt":"2025-10-22T14:20:29","guid":{"rendered":"https:\/\/www.europesays.com\/pt\/121777\/"},"modified":"2025-10-22T14:20:29","modified_gmt":"2025-10-22T14:20:29","slug":"quem-paga-a-conta-visita-de-trump-e-jd-vance-abre-nova-guerra-diplomatica-entre-governo-ingles-e-escocia","status":"publish","type":"post","link":"https:\/\/www.europesays.com\/pt\/121777\/","title":{"rendered":"Quem paga a conta? Visita de Trump e JD Vance abre nova guerra diplom\u00e1tica entre Governo ingl\u00eas e Esc\u00f3cia"},"content":{"rendered":"<p>O Governo escoc\u00eas n\u00e3o quer pagar a conta das viagens deste ver\u00e3o de Donald Trump e JD Vance \u2014 e Londres tamb\u00e9m n\u00e3o quer desembolsar dinheiro.<\/p>\n<p>A secret\u00e1ria de Finan\u00e7as da Esc\u00f3cia, Shona Robison, que representa o Partido Nacional Escoc\u00eas, que apoia a independ\u00eancia, quer recuperar cerca de 20 milh\u00f5es de libras (cerca de 23 milh\u00f5es de euros) em custos de policiamento e seguran\u00e7a do Tesouro sediado em Londres para a viagem do presidente dos EUA aos seus campos de golfe em julho \u00faltimo, de acordo com a \u2018BBC\u2019.<\/p>\n<p>Robison tamb\u00e9m quer que Whitehall pague os 6 milh\u00f5es de libras (quase 7 milh\u00f5es de euros) para policiar as f\u00e9rias de JD Vance em Ayrshire (Esc\u00f3cia) em agosto.<\/p>\n<p>No entanto, o Governo brit\u00e2nico insiste que a Esc\u00f3cia deve pagar a conta, pois foram visitas privadas e n\u00e3o assuntos oficiais do Governo.<\/p>\n<p>Numa carta ao secret\u00e1rio-chefe do Tesouro, James Murray, Robison indicou que \u201ch\u00e1 um precedente claro, em que o Governo do Reino Unido financiou custos de policiamento para visitas de dignit\u00e1rios estrangeiros a na\u00e7\u00f5es descentralizadas\u201d.<\/p>\n<p>O Tesouro diz que s\u00f3 pagar\u00e1 a conta quando emitir um convite formal aos l\u00edderes visitantes.<\/p>\n<p>No entanto, Robison insistiu que a viagem de Trump foi \u201cdiplomaticamente significativa\u201d e que n\u00e3o cobrir os custos \u201csobrecarregaria os or\u00e7amentos delegados [e] estabeleceria um precedente preocupante para futuras visitas de alto n\u00edvel\u201d.<\/p>\n<p>Durante a sua visita em julho, Trump encontrou-se com o primeiro-ministro Keir Starmer, a presidente da Comiss\u00e3o Europeia, Ursula von der Leyen, e o primeiro-ministro escoc\u00eas, John Swinney.<\/p>\n<p>\u201cEstas foram visitas privadas do presidente e do vice-presidente \u00e0 Esc\u00f3cia, e n\u00e3o assuntos oficiais do Governo do Reino Unido. O Governo escoc\u00eas \u00e9 respons\u00e1vel pelos custos de policiamento na Esc\u00f3cia, conforme os acordos de financiamento descentralizado acordados\u201d, apontou o porta-voz do Governo do Reino Unido.<\/p>\n<p>No entanto, as autoridades em Edimburgo discordam. \u201cAs visitas impuseram encargos operacionais e financeiros substanciais aos servi\u00e7os p\u00fablicos escoceses\u201d, afirmou o ministro das Finan\u00e7as P\u00fablicas da Esc\u00f3cia, Ivan McKee. <\/p>\n<p>\u201cEssas visitas foram significativas para as rela\u00e7\u00f5es internacionais do Governo do Reino Unido, com o primeiro-ministro a encontrar-se formalmente com Trump durante a sua visita em dois locais distintos na Esc\u00f3cia. Os custos n\u00e3o podem ser considerados uma quest\u00e3o exclusiva do Governo escoc\u00eas\u201d, considerou o Executivo da Esc\u00f3cia.<\/p>\n","protected":false},"excerpt":{"rendered":"O Governo escoc\u00eas n\u00e3o quer pagar a conta das viagens deste ver\u00e3o de Donald Trump e JD Vance&hellip;\n","protected":false},"author":2,"featured_media":119358,"comment_status":"","ping_status":"","sticky":false,"template":"","format":"standard","meta":{"footnotes":""},"categories":[50],"tags":[27,28,15,16,14,25,26,21,22,62,12,13,19,20,23,24,17,18,29,30,31,63,64,65],"class_list":{"0":"post-121777","1":"post","2":"type-post","3":"status-publish","4":"format-standard","5":"has-post-thumbnail","7":"category-mundo","8":"tag-breaking-news","9":"tag-breakingnews","10":"tag-featured-news","11":"tag-featurednews","12":"tag-headlines","13":"tag-latest-news","14":"tag-latestnews","15":"tag-main-news","16":"tag-mainnews","17":"tag-mundo","18":"tag-news","19":"tag-noticias","20":"tag-noticias-principais","21":"tag-noticiasprincipais","22":"tag-principais-noticias","23":"tag-principaisnoticias","24":"tag-top-stories","25":"tag-topstories","26":"tag-ultimas","27":"tag-ultimas-noticias","28":"tag-ultimasnoticias","29":"tag-world","30":"tag-world-news","31":"tag-worldnews"},"share_on_mastodon":{"url":"https:\/\/pubeurope.com\/@pt\/115418262593384472","error":""},"_links":{"self":[{"href":"https:\/\/www.europesays.com\/pt\/wp-json\/wp\/v2\/posts\/121777","targetHints":{"allow":["GET"]}}],"collection":[{"href":"https:\/\/www.europesays.com\/pt\/wp-json\/wp\/v2\/posts"}],"about":[{"href":"https:\/\/www.europesays.com\/pt\/wp-json\/wp\/v2\/types\/post"}],"author":[{"embeddable":true,"href":"https:\/\/www.europesays.com\/pt\/wp-json\/wp\/v2\/users\/2"}],"replies":[{"embeddable":true,"href":"https:\/\/www.europesays.com\/pt\/wp-json\/wp\/v2\/comments?post=121777"}],"version-history":[{"count":0,"href":"https:\/\/www.europesays.com\/pt\/wp-json\/wp\/v2\/posts\/121777\/revisions"}],"wp:featuredmedia":[{"embeddable":true,"href":"https:\/\/www.europesays.com\/pt\/wp-json\/wp\/v2\/media\/119358"}],"wp:attachment":[{"href":"https:\/\/www.europesays.com\/pt\/wp-json\/wp\/v2\/media?parent=121777"}],"wp:term":[{"taxonomy":"category","embeddable":true,"href":"https:\/\/www.europesays.com\/pt\/wp-json\/wp\/v2\/categories?post=121777"},{"taxonomy":"post_tag","embeddable":true,"href":"https:\/\/www.europesays.com\/pt\/wp-json\/wp\/v2\/tags?post=121777"}],"curies":[{"name":"wp","href":"https:\/\/api.w.org\/{rel}","templated":true}]}}