{"id":121780,"date":"2025-10-22T14:26:09","date_gmt":"2025-10-22T14:26:09","guid":{"rendered":"https:\/\/www.europesays.com\/pt\/121780\/"},"modified":"2025-10-22T14:26:09","modified_gmt":"2025-10-22T14:26:09","slug":"vem-ai-em-a-protegida-apos-ter-tentado-violar-clarice-duarte-vive-momentos-de-terror-novelas","status":"publish","type":"post","link":"https:\/\/www.europesays.com\/pt\/121780\/","title":{"rendered":"Vem a\u00ed em \u00abA Protegida\u00bb: Ap\u00f3s ter tentado violar Clarice, Duarte vive momentos de terror &#8211; Novelas"},"content":{"rendered":"<p>Em \u00abA Protegida\u00bb, <a href=\"https:\/\/tvi.iol.pt\/novelas\/videos\/a-protegida-duarte-atira-se-a-clarice\/68e7d7700cf29d28d828ced4\" rel=\"nofollow noopener\" target=\"_blank\">Duarte (Gon\u00e7alo Braga)<\/a> est\u00e1 amarrado a uma \u00e1rvore. <a href=\"https:\/\/tvi.iol.pt\/novelas\/ator\/jorge-azevedo\/67ac8611d34e3f0bae9a5724\" wbo-id=\"54\" rel=\"nofollow noopener\" target=\"_blank\">Jorge (Paulo Pires<\/a>), <a href=\"https:\/\/tvi.iol.pt\/novelas\/ator\/clarice-azevedo\/67ac86eed34e3f0bae9a5732\" rel=\"nofollow noopener\" target=\"_blank\">Clarice (Fernanda Serrano)<\/a>\u00a0e <a href=\"https:\/\/tvi.iol.pt\/novelas\/videos\/clarice-emociona-se-ao-saber-que-e-avo-e-monica-chora\/68a5eb840cf216cd3ad3a1c1\" target=\"_blank\" rel=\"nofollow noopener\">M\u00f3nica (Catarina Nifo)<\/a>\u00a0est\u00e3o \u00e0 frente dele, com um ar amea\u00e7ador. Duarte pergunta o que lhe v\u00e3o fazer e Clarice diz que depende do que ele estiver a pensar fazer em rela\u00e7\u00e3o a <a href=\"https:\/\/tvi.iol.pt\/novelas\/joao-bettencourt\/catarina-nifo\/vem-ai-a-protegida-goncalo-fica-paralisado-no-chao\" rel=\"nofollow noopener\" target=\"_blank\">Gon\u00e7alo (Jo\u00e3o Bettencourt)<\/a>. Jer\u00f3nimo chega com um atrelado de ca\u00e7a e diz que n\u00e3o deu comida ao javali. Duarte fica em p\u00e2nico.<\/p>\n<p>Duarte j\u00e1 tem os bolsos cheios de cenouras e grita para que o soltem. Jorge aumenta o volume dos grunhidos do javali e Clarice pressiona Duarte a prometer que deixa Gon\u00e7alo em paz. M\u00f3nica filma tudo. Jorge volta a perguntar se \u00e9 para soltar o javali, mas Duarte promete deixar Gon\u00e7alo em paz. Foge dali o mais r\u00e1pido que pode. Jorge, Clarice e M\u00f3nica festejam.<\/p>\n<p>Recorde-se como tudo come\u00e7ou:<\/p>\n","protected":false},"excerpt":{"rendered":"Em \u00abA Protegida\u00bb, Duarte (Gon\u00e7alo Braga) est\u00e1 amarrado a uma \u00e1rvore. Jorge (Paulo Pires), Clarice (Fernanda Serrano)\u00a0e M\u00f3nica&hellip;\n","protected":false},"author":2,"featured_media":121781,"comment_status":"","ping_status":"","sticky":false,"template":"","format":"standard","meta":{"footnotes":""},"categories":[142],"tags":[168,160,10915,166,114,115,1408,157,167,18999,164,161,158,165,159,32,33,156,163,151,162],"class_list":{"0":"post-121780","1":"post","2":"type-post","3":"status-publish","4":"format-standard","5":"has-post-thumbnail","7":"category-tv","8":"tag-a-protegida","9":"tag-ana-guiomar","10":"tag-catarina-nifo","11":"tag-cristina-ferreira","12":"tag-entertainment","13":"tag-entretenimento","14":"tag-fernanda-serrano","15":"tag-festa-e-festa","16":"tag-ficcao","17":"tag-goncalo-braga","18":"tag-jose-fidalgo","19":"tag-novelas","20":"tag-para-sempre","21":"tag-pedro-sousa","22":"tag-pedro-teixeira","23":"tag-portugal","24":"tag-pt","25":"tag-queridos-papas","26":"tag-tiago-teotonio-pereira","27":"tag-tv","28":"tag-tvi"},"share_on_mastodon":{"url":"https:\/\/pubeurope.com\/@pt\/115418286250914477","error":""},"_links":{"self":[{"href":"https:\/\/www.europesays.com\/pt\/wp-json\/wp\/v2\/posts\/121780","targetHints":{"allow":["GET"]}}],"collection":[{"href":"https:\/\/www.europesays.com\/pt\/wp-json\/wp\/v2\/posts"}],"about":[{"href":"https:\/\/www.europesays.com\/pt\/wp-json\/wp\/v2\/types\/post"}],"author":[{"embeddable":true,"href":"https:\/\/www.europesays.com\/pt\/wp-json\/wp\/v2\/users\/2"}],"replies":[{"embeddable":true,"href":"https:\/\/www.europesays.com\/pt\/wp-json\/wp\/v2\/comments?post=121780"}],"version-history":[{"count":0,"href":"https:\/\/www.europesays.com\/pt\/wp-json\/wp\/v2\/posts\/121780\/revisions"}],"wp:featuredmedia":[{"embeddable":true,"href":"https:\/\/www.europesays.com\/pt\/wp-json\/wp\/v2\/media\/121781"}],"wp:attachment":[{"href":"https:\/\/www.europesays.com\/pt\/wp-json\/wp\/v2\/media?parent=121780"}],"wp:term":[{"taxonomy":"category","embeddable":true,"href":"https:\/\/www.europesays.com\/pt\/wp-json\/wp\/v2\/categories?post=121780"},{"taxonomy":"post_tag","embeddable":true,"href":"https:\/\/www.europesays.com\/pt\/wp-json\/wp\/v2\/tags?post=121780"}],"curies":[{"name":"wp","href":"https:\/\/api.w.org\/{rel}","templated":true}]}}