{"id":121786,"date":"2025-10-22T14:29:08","date_gmt":"2025-10-22T14:29:08","guid":{"rendered":"https:\/\/www.europesays.com\/pt\/121786\/"},"modified":"2025-10-22T14:29:08","modified_gmt":"2025-10-22T14:29:08","slug":"mourinho-dramatica-e-a-derrota-em-casa-com-o-qarabag","status":"publish","type":"post","link":"https:\/\/www.europesays.com\/pt\/121786\/","title":{"rendered":"Mourinho: \u00abDram\u00e1tica \u00e9 a derrota em casa com o Qarabag\u00bb"},"content":{"rendered":"<p>Jos\u00e9 Mourinho reagiu conformado \u00e0 terceira derrota em tr\u00eas jogos do Benfica na Liga dos Campe\u00f5es, mas est\u00e1 convencido de que a equipa continua com todas as hip\u00f3teses de seguir em frente na competi\u00e7\u00e3o.<\/p>\n<p>\u00abTemos 15 pontos para jogar, com tr\u00eas jogos em casa. Perdemos com o Chelsea e o Newcastle fora, o que n\u00e3o \u00e9 dram\u00e1tico. Dram\u00e1tica \u00e9 a derrota em casa com o Qarabag. Talvez 10 ou 11 pontos seja o que precisamos para seguir em frente na Liga dos Campe\u00f5es\u00bb, afirmou o t\u00e9cnico dos encarnados em declara\u00e7\u00f5es \u00e0 TNT Sports brit\u00e2nica, onde salientou as diferen\u00e7as da sua equipa para o Newcastle, ap\u00f3s a derrota por 3-0 na noite desta ter\u00e7a-feira.\u00a0<\/p>\n<p>\u00abN\u00e3o acho que seja mentalidade. \u00c9 a diferen\u00e7a de qualidade entre as duas equipas: eles s\u00e3o mais f\u00edsicos, mais intensos, mais r\u00e1pidos. T\u00eam um banco com jogadores fenomenais para mudar as din\u00e2micas. Quando o jogo partiu na segunda parte e fic\u00e1mos a perder 2-0, com mais espa\u00e7os, eles tinham um motor diferente. O perfil da Premier League assim o exige.\u00bb<\/p>\n<p>Sobre os objetivos para esta \u00e9poca, Mourinho destacou a import\u00e2ncia tamb\u00e9m das provas nacionais.<\/p>\n<p>\u00abQueremos ganhar as competi\u00e7\u00f5es internas. Podemos competir no campeonato, nas ta\u00e7as. Agora, na Europa, contra estas equipas de topo, \u00e9 mais dif\u00edcil. Mas fizemos um bom jogo frente ao Chelsea e uma boa primeira parte aqui em Newcastle\u00bb, salientou.<\/p>\n","protected":false},"excerpt":{"rendered":"Jos\u00e9 Mourinho reagiu conformado \u00e0 terceira derrota em tr\u00eas jogos do Benfica na Liga dos Campe\u00f5es, mas est\u00e1&hellip;\n","protected":false},"author":2,"featured_media":121787,"comment_status":"","ping_status":"","sticky":false,"template":"","format":"standard","meta":{"footnotes":""},"categories":[87],"tags":[51,5043,135,1385,7706,46,2318,32,33,47,134],"class_list":{"0":"post-121786","1":"post","2":"type-post","3":"status-publish","4":"format-standard","5":"has-post-thumbnail","7":"category-desporto","8":"tag-benfica","9":"tag-champions","10":"tag-desporto","11":"tag-jose-mourinho","12":"tag-liga-campeoes","13":"tag-maisfutebol","14":"tag-newcastle","15":"tag-portugal","16":"tag-pt","17":"tag-pura-paixao","18":"tag-sports"},"share_on_mastodon":{"url":"https:\/\/pubeurope.com\/@pt\/115418298068354177","error":""},"_links":{"self":[{"href":"https:\/\/www.europesays.com\/pt\/wp-json\/wp\/v2\/posts\/121786","targetHints":{"allow":["GET"]}}],"collection":[{"href":"https:\/\/www.europesays.com\/pt\/wp-json\/wp\/v2\/posts"}],"about":[{"href":"https:\/\/www.europesays.com\/pt\/wp-json\/wp\/v2\/types\/post"}],"author":[{"embeddable":true,"href":"https:\/\/www.europesays.com\/pt\/wp-json\/wp\/v2\/users\/2"}],"replies":[{"embeddable":true,"href":"https:\/\/www.europesays.com\/pt\/wp-json\/wp\/v2\/comments?post=121786"}],"version-history":[{"count":0,"href":"https:\/\/www.europesays.com\/pt\/wp-json\/wp\/v2\/posts\/121786\/revisions"}],"wp:featuredmedia":[{"embeddable":true,"href":"https:\/\/www.europesays.com\/pt\/wp-json\/wp\/v2\/media\/121787"}],"wp:attachment":[{"href":"https:\/\/www.europesays.com\/pt\/wp-json\/wp\/v2\/media?parent=121786"}],"wp:term":[{"taxonomy":"category","embeddable":true,"href":"https:\/\/www.europesays.com\/pt\/wp-json\/wp\/v2\/categories?post=121786"},{"taxonomy":"post_tag","embeddable":true,"href":"https:\/\/www.europesays.com\/pt\/wp-json\/wp\/v2\/tags?post=121786"}],"curies":[{"name":"wp","href":"https:\/\/api.w.org\/{rel}","templated":true}]}}