{"id":12179,"date":"2025-08-01T22:01:08","date_gmt":"2025-08-01T22:01:08","guid":{"rendered":"https:\/\/www.europesays.com\/pt\/12179\/"},"modified":"2025-08-01T22:01:08","modified_gmt":"2025-08-01T22:01:08","slug":"eua-homem-mata-quatro-pessoas-a-tiro-num-bar-policia-procura-suspeito-eua","status":"publish","type":"post","link":"https:\/\/www.europesays.com\/pt\/12179\/","title":{"rendered":"EUA: homem mata quatro pessoas a tiro num bar. Pol\u00edcia procura suspeito | EUA"},"content":{"rendered":"<p>Quatro pessoas morreram esta sexta-feira depois de um homem ter aberto fogo num bar em Anaconda, no estado norte-americano do Montana, segundo a <a href=\"https:\/\/apnews.com\/article\/montana-shooting-anaconda-4ac87ca290e7b9149bdd588766bcee3b\" target=\"_blank\" rel=\"nofollow noopener\">Associated Press<\/a> (AP).<\/p>\n<p>O <a href=\"https:\/\/www.independent.co.uk\/news\/world\/americas\/crime\/anaconda-montana-shooting-injuries-b2800631.html\" rel=\"nofollow noopener\" target=\"_blank\">suspeito<\/a> fugiu do local e est\u00e1 a ser procurado pelas autoridades, de acordo com o do xerife do condado de Granite. N\u00e3o foram, para j\u00e1, adiantadas as circunst\u00e2ncias do tiroteio no Owl Bar, no centro da localidade.<\/p>\n<p>As autoridades recomendaram \u00e0 popula\u00e7\u00e3o que evite a zona de Anaconda, uma cidade com cerca de dez mil habitantes, e esclareceram queque uma equipa de interven\u00e7\u00e3o da pol\u00edcia (SWAT) j\u00e1 tinha realizado buscas na casa do suspeito, um homem de 45 anos visto pela \u00faltima vez a conduzir uma carrinha Ford branca. As autoridades alertaram que o suspeito, Michael Brown, est\u00e1 armado e \u00e9 extremamente perigoso.<\/p>\n<p>        &#13;<br \/>\n             <a class=\"embedly-card\" data-card-controls=\"0\" href=\"https:\/\/www.youtube.com\/watch?v=LUvZe9GreIU\" rel=\"nofollow noopener\" target=\"_blank\">&#13;<\/p>\n<p>Os dois senadores do Montana, os republicanos <a href=\"https:\/\/www.facebook.com\/SteveDainesMT\/posts\/1316779696471992\" target=\"_blank\" rel=\"nofollow noopener\">Steve Daines<\/a> e <a href=\"https:\/\/x.com\/TimSheehyMT\/status\/1951360691320848626\" target=\"_blank\" rel=\"nofollow\">Tim Sheehy<\/a>, recorreram ambos \u00e0s redes sociais para dizerem estar em contacto com as autoridades. O governador do Montana, o tamb\u00e9m republicano <a href=\"https:\/\/www.publico.pt\/2017\/05\/26\/mundo\/noticia\/republicano-eleito-para-congresso-um-dia-depois-de-ser-acusado-de-agressao-fisica-1773518\" target=\"_blank\" rel=\"nofollow noopener\">Greg Gianforte<\/a>, disse <a href=\"https:\/\/www.facebook.com\/GovGianforte\/posts\/1125229066139999?ref=embed_post\" target=\"_blank\" rel=\"nofollow noopener\">estar a acompanhar<\/a> a situa\u00e7\u00e3o.<\/p>\n","protected":false},"excerpt":{"rendered":"Quatro pessoas morreram esta sexta-feira depois de um homem ter aberto fogo num bar em Anaconda, no estado&hellip;\n","protected":false},"author":2,"featured_media":12180,"comment_status":"","ping_status":"","sticky":false,"template":"","format":"standard","meta":{"footnotes":""},"categories":[50],"tags":[995,993,27,28,604,353,413,15,16,14,25,26,21,22,62,12,13,19,20,23,24,17,18,29,30,31,63,64,65],"class_list":{"0":"post-12179","1":"post","2":"type-post","3":"status-publish","4":"format-standard","5":"has-post-thumbnail","7":"category-mundo","8":"tag-abre-conteudo","9":"tag-america","10":"tag-breaking-news","11":"tag-breakingnews","12":"tag-crime","13":"tag-em-destaque","14":"tag-eua","15":"tag-featured-news","16":"tag-featurednews","17":"tag-headlines","18":"tag-latest-news","19":"tag-latestnews","20":"tag-main-news","21":"tag-mainnews","22":"tag-mundo","23":"tag-news","24":"tag-noticias","25":"tag-noticias-principais","26":"tag-noticiasprincipais","27":"tag-principais-noticias","28":"tag-principaisnoticias","29":"tag-top-stories","30":"tag-topstories","31":"tag-ultimas","32":"tag-ultimas-noticias","33":"tag-ultimasnoticias","34":"tag-world","35":"tag-world-news","36":"tag-worldnews"},"share_on_mastodon":{"url":"","error":""},"_links":{"self":[{"href":"https:\/\/www.europesays.com\/pt\/wp-json\/wp\/v2\/posts\/12179","targetHints":{"allow":["GET"]}}],"collection":[{"href":"https:\/\/www.europesays.com\/pt\/wp-json\/wp\/v2\/posts"}],"about":[{"href":"https:\/\/www.europesays.com\/pt\/wp-json\/wp\/v2\/types\/post"}],"author":[{"embeddable":true,"href":"https:\/\/www.europesays.com\/pt\/wp-json\/wp\/v2\/users\/2"}],"replies":[{"embeddable":true,"href":"https:\/\/www.europesays.com\/pt\/wp-json\/wp\/v2\/comments?post=12179"}],"version-history":[{"count":0,"href":"https:\/\/www.europesays.com\/pt\/wp-json\/wp\/v2\/posts\/12179\/revisions"}],"wp:featuredmedia":[{"embeddable":true,"href":"https:\/\/www.europesays.com\/pt\/wp-json\/wp\/v2\/media\/12180"}],"wp:attachment":[{"href":"https:\/\/www.europesays.com\/pt\/wp-json\/wp\/v2\/media?parent=12179"}],"wp:term":[{"taxonomy":"category","embeddable":true,"href":"https:\/\/www.europesays.com\/pt\/wp-json\/wp\/v2\/categories?post=12179"},{"taxonomy":"post_tag","embeddable":true,"href":"https:\/\/www.europesays.com\/pt\/wp-json\/wp\/v2\/tags?post=12179"}],"curies":[{"name":"wp","href":"https:\/\/api.w.org\/{rel}","templated":true}]}}