{"id":121792,"date":"2025-10-22T14:34:09","date_gmt":"2025-10-22T14:34:09","guid":{"rendered":"https:\/\/www.europesays.com\/pt\/121792\/"},"modified":"2025-10-22T14:34:09","modified_gmt":"2025-10-22T14:34:09","slug":"sarkozy-com-protecao-especial-na-prisao-devido-a-ameacas","status":"publish","type":"post","link":"https:\/\/www.europesays.com\/pt\/121792\/","title":{"rendered":"Sarkozy com prote\u00e7\u00e3o especial na pris\u00e3o devido a amea\u00e7as"},"content":{"rendered":"<p>Em declara\u00e7\u00f5es \u00e0 televis\u00e3o CNews e \u00e0 r\u00e1dio Europe 1, o membro do governo gaul\u00eas adiantou que &#8220;o sistema de prote\u00e7\u00e3o foi mantido na pris\u00e3o&#8221;, numa &#8220;decis\u00e3o que visa garantir a seguran\u00e7a&#8221; do antigo presidente.<\/p>\n<p data-remotead-prev-elm=\"true\" data-remotead-elm-id=\"inread\">Os referidos agentes de seguran\u00e7a pessoal ficaram instalados numa cela ao lado daquela ocupada desde ter\u00e7a-feira por Sarkozy, que tem 70 anos. Seghundo Laurent Nu\u00f1ez, o dispositivo vai manter-se &#8220;enquanto for considerado \u00fatil&#8221;.<\/p>\n<p>Sarkozy, que reclama inoc\u00eancia, foi condenado por permitir que dois conselheiros, precisamente da Administra\u00e7\u00e3o Interna, negociassem com o regime do l\u00edbio Mouammar Kadhafi financiamento para a sua campanha presidencial de 2007.<\/p>\n<blockquote data-type=\"articles\" data-id=\"related-article-18010918\"><p>\n              <strong>Leia tamb\u00e9m <\/strong><br \/>\n              <a href=\"https:\/\/www.jn.pt\/mundo\/artigo\/sarkozy-entra-na-prisao-e-e-o-primeiro-ex-presidente-frances-condenado-a-pena-efetiva\/18010918\" rel=\"nofollow noopener\" target=\"_blank\">Sarkozy entra na pris\u00e3o e \u00e9 o primeiro ex-presidente franc\u00eas condenado a pena efetiva<\/a>\n            <\/p><\/blockquote>\n<p>Trata-se do primeiro ex-chefe de Estado de Fran\u00e7a e da Uni\u00e3o Europeia a ser efetivamente preso e foi colocado numa das 15 celas de nove metros quadrados daquela unidade de confinamento solit\u00e1rio.<\/p>\n<p data-remotead-prev-elm=\"true\" data-remotead-elm-id=\"centro2\"><img decoding=\"async\" class=\"ngx-body\" guid=\"cb1b9973-ba5f-4725-b32d-85cbf7a29900\" src=\"https:\/\/www.europesays.com\/pt\/wp-content\/uploads\/2025\/10\/1761143649_152_image.jpg\" width=\"100%\"\/><br \/>Foto: STEPHANE DE SAKUTIN \/ AFP<\/p>\n<p><img decoding=\"async\" class=\"ngx-body\" guid=\"8f574848-685f-47e7-b5a6-4867464f4ccd\" src=\"https:\/\/www.europesays.com\/pt\/wp-content\/uploads\/2025\/10\/1761143649_53_image.jpg\" width=\"100%\"\/><br \/>Foto: BORIS HORVAT \/ AFP<\/p>\n<p data-remotead-prev-elm=\"true\" data-remotead-elm-id=\"centro3\">Sarkozy foi o 23.\u00ba presidente de Fran\u00e7a e ocupou o cargo entre 2007 e 2012.<\/p>\n<p>O antigo l\u00edder gaul\u00eas j\u00e1 apresentou um pedido de liberta\u00e7\u00e3o atrav\u00e9s do seu advogado, Christophe Ingrain. O tribunal tem dois meses para analisar e tomar uma decis\u00e3o, embora o prazo deva ser mais curto.<\/p>\n","protected":false},"excerpt":{"rendered":"Em declara\u00e7\u00f5es \u00e0 televis\u00e3o CNews e \u00e0 r\u00e1dio Europe 1, o membro do governo gaul\u00eas adiantou que &#8220;o&hellip;\n","protected":false},"author":2,"featured_media":121793,"comment_status":"","ping_status":"","sticky":false,"template":"","format":"standard","meta":{"footnotes":""},"categories":[50],"tags":[27,28,15,16,208,14,25,26,21,22,62,12,21757,13,19,20,23,24,17,18,29,30,31,63,64,65],"class_list":{"0":"post-121792","1":"post","2":"type-post","3":"status-publish","4":"format-standard","5":"has-post-thumbnail","7":"category-mundo","8":"tag-breaking-news","9":"tag-breakingnews","10":"tag-featured-news","11":"tag-featurednews","12":"tag-franca","13":"tag-headlines","14":"tag-latest-news","15":"tag-latestnews","16":"tag-main-news","17":"tag-mainnews","18":"tag-mundo","19":"tag-news","20":"tag-nicolas-sarkozy","21":"tag-noticias","22":"tag-noticias-principais","23":"tag-noticiasprincipais","24":"tag-principais-noticias","25":"tag-principaisnoticias","26":"tag-top-stories","27":"tag-topstories","28":"tag-ultimas","29":"tag-ultimas-noticias","30":"tag-ultimasnoticias","31":"tag-world","32":"tag-world-news","33":"tag-worldnews"},"share_on_mastodon":{"url":"https:\/\/pubeurope.com\/@pt\/115418317985399705","error":""},"_links":{"self":[{"href":"https:\/\/www.europesays.com\/pt\/wp-json\/wp\/v2\/posts\/121792","targetHints":{"allow":["GET"]}}],"collection":[{"href":"https:\/\/www.europesays.com\/pt\/wp-json\/wp\/v2\/posts"}],"about":[{"href":"https:\/\/www.europesays.com\/pt\/wp-json\/wp\/v2\/types\/post"}],"author":[{"embeddable":true,"href":"https:\/\/www.europesays.com\/pt\/wp-json\/wp\/v2\/users\/2"}],"replies":[{"embeddable":true,"href":"https:\/\/www.europesays.com\/pt\/wp-json\/wp\/v2\/comments?post=121792"}],"version-history":[{"count":0,"href":"https:\/\/www.europesays.com\/pt\/wp-json\/wp\/v2\/posts\/121792\/revisions"}],"wp:featuredmedia":[{"embeddable":true,"href":"https:\/\/www.europesays.com\/pt\/wp-json\/wp\/v2\/media\/121793"}],"wp:attachment":[{"href":"https:\/\/www.europesays.com\/pt\/wp-json\/wp\/v2\/media?parent=121792"}],"wp:term":[{"taxonomy":"category","embeddable":true,"href":"https:\/\/www.europesays.com\/pt\/wp-json\/wp\/v2\/categories?post=121792"},{"taxonomy":"post_tag","embeddable":true,"href":"https:\/\/www.europesays.com\/pt\/wp-json\/wp\/v2\/tags?post=121792"}],"curies":[{"name":"wp","href":"https:\/\/api.w.org\/{rel}","templated":true}]}}