{"id":121800,"date":"2025-10-22T14:41:23","date_gmt":"2025-10-22T14:41:23","guid":{"rendered":"https:\/\/www.europesays.com\/pt\/121800\/"},"modified":"2025-10-22T14:41:23","modified_gmt":"2025-10-22T14:41:23","slug":"jovem-pan-news-reestreia-em-vitoria-es-e-registra-sete-novas-afiliadas-apenas-em-2025","status":"publish","type":"post","link":"https:\/\/www.europesays.com\/pt\/121800\/","title":{"rendered":"Jovem Pan News reestreia em Vit\u00f3ria (ES) e registra sete novas afiliadas apenas em 2025"},"content":{"rendered":"<p>Durou menos de um ano a aus\u00eancia da <strong>Rede Jovem Pan News<\/strong> no mercado capixaba. Nesta quarta-feira (22), foi iniciada a opera\u00e7\u00e3o da <strong>Jovem Pan News FM 98.1 de Vit\u00f3ria (ES)<\/strong>, com o engate na rede jornal\u00edstica a partir da meia-noite, conforme acompanhado em tempo real pelo <a href=\"https:\/\/tudoradio.com\/mapa\" rel=\"nofollow noopener\" target=\"_blank\"><strong>Mapa da Atualiza\u00e7\u00e3o do tudoradio.com<\/strong><\/a>. <strong>O retorno ao Esp\u00edrito Santo marca a s\u00e9tima inaugura\u00e7\u00e3o de afiliada da Rede Jovem Pan News apenas em 2025<\/strong> \u2014 marca que, neste ano, adicionou quatro capitais \u00e0 sua rede nacional e chegou a outros tr\u00eas importantes centros do interior do pa\u00eds. Anteriormente, a rede de jornalismo do <strong>Grupo Jovem Pan<\/strong> operou em Vit\u00f3ria na frequ\u00eancia <strong>90.5 FM<\/strong>.<\/p>\n<p>O engate na rede ocorreu por volta da meia-noite desta quarta-feira (22), mas a afiliada capixaba foi apresentada aos ouvintes e telespectadores da <strong>TV Jovem Pan News<\/strong> durante a exibi\u00e7\u00e3o do <strong>Jornal da Manh\u00e3<\/strong>. O retorno \u00e0 Vit\u00f3ria \u00e9 fruto de um processo de expans\u00e3o, cuja opera\u00e7\u00e3o no Esp\u00edrito Santo est\u00e1 ligada ao mesmo grupo respons\u00e1vel pela implanta\u00e7\u00e3o da <strong>Jovem Pan News<\/strong> em <strong>Manaus<\/strong> e <strong>Porto Velho<\/strong>, afiliadas inauguradas no primeiro semestre deste ano.<\/p>\n<p>A <strong>Jovem Pan News<\/strong> \u00e9 uma marca j\u00e1 conhecida da audi\u00eancia capixaba. Sua <a href=\"https:\/\/tudoradio.com\/noticias\/ver\/11669-exclusivo-jovem-pan-news-estreia-hoje-em-vitoria-e-ja-esta-no-ar-no-interior-paulista\" rel=\"nofollow noopener\" target=\"_blank\"><strong>estreia em Vit\u00f3ria ocorreu em 2014<\/strong><\/a>, inicialmente pela frequ\u00eancia <strong>AM 640<\/strong>. Em janeiro de 2020, a emissora <a href=\"https:\/\/tudoradio.com\/noticias\/ver\/23092-jovem-pan-news-estreia-em-definitivo-em-vitoria-na-segunda-feira-2\" rel=\"nofollow noopener\" target=\"_blank\"><strong>migrou para a sintonia FM 90.5,<\/strong><\/a> permanecendo no ar at\u00e9 <a href=\"https:\/\/tudoradio.com\/noticias\/ver\/32265-fm-o-dia-prepara-estreia-para-o-proximo-dia-18-em-vitoria-es\" rel=\"nofollow noopener\" target=\"_blank\"><strong>novembro do ano passado<\/strong><\/a>. Agora, a rede jornal\u00edstica retorna por meio de outra migrante AM-FM: a <strong>98.1 FM<\/strong>, originada da antiga <strong>AM 730<\/strong>, que nos \u00faltimos anos retransmitia a programa\u00e7\u00e3o da <strong>Novo Tempo FM 95.9<\/strong>. Desde 26 de setembro deste ano, a 98.1 FM j\u00e1 estava no ar com uma grade musical de formato popular. Agora, passou a abrigar a programa\u00e7\u00e3o da <strong>Jovem Pan News<\/strong>.<\/p>\n<p style=\"text-align: center;\"><img decoding=\"async\" alt=\"\" src=\"https:\/\/www.europesays.com\/pt\/wp-content\/uploads\/2025\/10\/68f83dfb03914.png\" style=\"height:450px; width:450px\" \/><\/p>\n<p><strong>Estreias em 2025<\/strong><\/p>\n<p>A <strong>Rede Jovem Pan News<\/strong> mant\u00e9m um forte ritmo de expans\u00e3o em 2025. O ano come\u00e7ou com as implanta\u00e7\u00f5es das afiliadas <a href=\"https:\/\/tudoradio.com\/noticias\/ver\/32609-jovem-pan-news-confirma-afiliada-em-manaus-segunda-estreia-da-rede-em-2025\" rel=\"nofollow noopener\" target=\"_blank\"><strong>Jovem Pan News FM 98.7 de Manaus<\/strong> <\/a>e <a href=\"https:\/\/tudoradio.com\/noticias\/ver\/32499-jovem-pan-news-ja-opera-de-forma-experimental-em-maceio\" rel=\"nofollow noopener\" target=\"_blank\"><strong>Jovem Pan News FM 102.7 de Macei\u00f3<\/strong><\/a>. Na sequ\u00eancia, foram inauguradas as esta\u00e7\u00f5es <a href=\"https:\/\/tudoradio.com\/noticias\/ver\/33056-jovem-pan-news-estreia-em-ribeirao-preto-sp-atraves-da-1075-fm\" rel=\"nofollow noopener\" target=\"_blank\"><strong>Jovem Pan News FM 107.5 de Ribeir\u00e3o Preto (SP)<\/strong><\/a>, <a href=\"https:\/\/tudoradio.com\/noticias\/ver\/33242-jovem-pan-news-e-aguardada-em-porto-velho-ro-e-votuporanga-sp-jovem-pan-fm-reestreia-em-tres-lagoas-ms\" rel=\"nofollow noopener\" target=\"_blank\"><strong>Jovem Pan News FM 91.5 de Porto Velho (RO)<\/strong><\/a>, <a href=\"https:\/\/tudoradio.com\/noticias\/ver\/33319-jovem-pan-news-conta-com-estreia-em-votuporanga-sp-e-muda-em-rio-claro-sp-classic-pan-ja-opera-em-araraquara-sp\" rel=\"nofollow noopener\" target=\"_blank\"><strong>Jovem Pan News FM 92.9 de Votuporanga (SP)<\/strong><\/a> e, mais recentemente, a <a href=\"https:\/\/tudoradio.com\/noticias\/ver\/33488-jovem-pan-news-confirma-estreia-em-1061-fm-para-a-regiao-de-itajai-e-balneario-camboriu\" rel=\"nofollow noopener\" target=\"_blank\"><strong>Jovem Pan News FM 106.1 de Itaja\u00ed \/ Balne\u00e1rio Cambori\u00fa (SC)<\/strong><\/a>. Tamb\u00e9m houve a troca de canal da <a href=\"https:\/\/tudoradio.com\/noticias\/ver\/33319-jovem-pan-news-conta-com-estreia-em-votuporanga-sp-e-muda-em-rio-claro-sp-classic-pan-ja-opera-em-araraquara-sp\" rel=\"nofollow noopener\" target=\"_blank\"><strong>Jovem Pan News FM 89.1 de Rio Claro (SP)<\/strong>.<\/a><\/p>\n<p><strong>+\u00a0<a href=\"https:\/\/tudoradio.com\/noticias\/ver\/33855-redes-nacionais-seguem-em-expansao-pelo-pais-e-contam-com-estreias-programadas-para-este-semestre\" rel=\"nofollow noopener\" target=\"_blank\">Redes nacionais seguem em expans\u00e3o pelo pa\u00eds e contam com estreias programadas para este semestre<\/a><\/strong><\/p>\n<p>&#13;<br \/>\n\t\t\t\tTags:&#13;<br \/>\n\t\t\t\tJovem Pan News, Vit\u00f3ria, Esp\u00edrito Santo, 98.1 FM, expans\u00e3o, r\u00e1dio jornalismo, afilia\u00e7\u00e3o, migrante AM-FM, Grupo Jovem Pan&#13;\n\t\t\t<\/p>\n","protected":false},"excerpt":{"rendered":"Durou menos de um ano a aus\u00eancia da Rede Jovem Pan News no mercado capixaba. Nesta quarta-feira (22),&hellip;\n","protected":false},"author":2,"featured_media":121801,"comment_status":"","ping_status":"","sticky":false,"template":"","format":"standard","meta":{"footnotes":""},"categories":[141],"tags":[28213,28215,114,115,6510,11848,28217,28212,28216,149,150,32,33,28214,1698],"class_list":{"0":"post-121800","1":"post","2":"type-post","3":"status-publish","4":"format-standard","5":"has-post-thumbnail","7":"category-musica","8":"tag-98-1-fm","9":"tag-afiliacao","10":"tag-entertainment","11":"tag-entretenimento","12":"tag-espirito-santo","13":"tag-expansao","14":"tag-grupo-jovem-pan","15":"tag-jovem-pan-news","16":"tag-migrante-am-fm","17":"tag-music","18":"tag-musica","19":"tag-portugal","20":"tag-pt","21":"tag-radio-jornalismo","22":"tag-vitoria"},"share_on_mastodon":{"url":"https:\/\/pubeurope.com\/@pt\/115418345528559376","error":""},"_links":{"self":[{"href":"https:\/\/www.europesays.com\/pt\/wp-json\/wp\/v2\/posts\/121800","targetHints":{"allow":["GET"]}}],"collection":[{"href":"https:\/\/www.europesays.com\/pt\/wp-json\/wp\/v2\/posts"}],"about":[{"href":"https:\/\/www.europesays.com\/pt\/wp-json\/wp\/v2\/types\/post"}],"author":[{"embeddable":true,"href":"https:\/\/www.europesays.com\/pt\/wp-json\/wp\/v2\/users\/2"}],"replies":[{"embeddable":true,"href":"https:\/\/www.europesays.com\/pt\/wp-json\/wp\/v2\/comments?post=121800"}],"version-history":[{"count":0,"href":"https:\/\/www.europesays.com\/pt\/wp-json\/wp\/v2\/posts\/121800\/revisions"}],"wp:featuredmedia":[{"embeddable":true,"href":"https:\/\/www.europesays.com\/pt\/wp-json\/wp\/v2\/media\/121801"}],"wp:attachment":[{"href":"https:\/\/www.europesays.com\/pt\/wp-json\/wp\/v2\/media?parent=121800"}],"wp:term":[{"taxonomy":"category","embeddable":true,"href":"https:\/\/www.europesays.com\/pt\/wp-json\/wp\/v2\/categories?post=121800"},{"taxonomy":"post_tag","embeddable":true,"href":"https:\/\/www.europesays.com\/pt\/wp-json\/wp\/v2\/tags?post=121800"}],"curies":[{"name":"wp","href":"https:\/\/api.w.org\/{rel}","templated":true}]}}