{"id":121810,"date":"2025-10-22T14:47:16","date_gmt":"2025-10-22T14:47:16","guid":{"rendered":"https:\/\/www.europesays.com\/pt\/121810\/"},"modified":"2025-10-22T14:47:16","modified_gmt":"2025-10-22T14:47:16","slug":"ha-novidades-na-nova-lei-da-ciberseguranca-nis2","status":"publish","type":"post","link":"https:\/\/www.europesays.com\/pt\/121810\/","title":{"rendered":"h\u00e1 novidades na nova lei da Ciberseguran\u00e7a (NIS2)"},"content":{"rendered":"<p>A Lei n.\u00ba 59\/2025, de 22 de outubro, autoriza o Governo a transpor a Diretiva (UE) 2022\/2555, relativa a medidas destinadas a garantir um elevado n\u00edvel comum de ciberseguran\u00e7a na Uni\u00e3o.<\/p>\n<p><a target=\"_blank\" href=\"https:\/\/pplware.sapo.pt\/wp-content\/uploads\/2025\/08\/ciberseguranca-2.jpg\" onclick=\"refreshIframe()\" class=\"foobox\" rel=\"nofollow noopener\"><img fetchpriority=\"high\" decoding=\"async\" src=\"https:\/\/www.europesays.com\/pt\/wp-content\/uploads\/2025\/10\/ciberseguranca-2-720x405.jpg\" alt=\"Portugal: H\u00e1 novidades na nova lei da CiberSeguran\u00e7a (NIS2)\" width=\"720\" height=\"405\" class=\"aligncenter wp-image-1071759 size-medium\"  \/><\/a>\n<\/p>\n<p>Foi publicada no Di\u00e1rio da Rep\u00fablica a Lei n.\u00ba 59\/2025, de 22 de outubro, que autoriza o Governo a aprovar o novo regime jur\u00eddico da ciberseguran\u00e7a, transpondo para a ordem jur\u00eddica portuguesa a Diretiva (UE) 2022\/2555, conhecida como Diretiva NIS2.<\/p>\n<p>O principal objetivo desta diretiva europeia \u00e9 garantir um n\u00edvel elevado e comum de ciberseguran\u00e7a em toda a Uni\u00e3o Europeia, refor\u00e7ando a prote\u00e7\u00e3o das redes e sistemas de informa\u00e7\u00e3o de entidades p\u00fablicas e privadas consideradas essenciais ou importantes.<\/p>\n<p>Novo enquadramento da ciberseguran\u00e7a (NIS2)<\/p>\n<p>A lei estabelece as bases para o Governo definir um quadro nacional de ciberseguran\u00e7a mais robusto, que abranger\u00e1 entidades p\u00fablicas e privadas com papel relevante na economia e na seguran\u00e7a do pa\u00eds.<\/p>\n<p><strong>Entre as principais medidas a implementar est\u00e3o:<\/strong><\/p>\n<ul>\n<li><strong>A cria\u00e7\u00e3o de categorias de entidades abrangidas<\/strong>\n<ul>\n<li>essenciais, importantes e p\u00fablicas relevantes \u2014 definidas por crit\u00e9rios de dimens\u00e3o, impacto e exposi\u00e7\u00e3o a riscos digitais;<\/li>\n<\/ul>\n<\/li>\n<li><strong>O refor\u00e7o dos instrumentos estrat\u00e9gicos nacionais<\/strong>, como a Estrat\u00e9gia Nacional de Seguran\u00e7a do Ciberespa\u00e7o, o Plano Nacional de Resposta a Crises Cibern\u00e9ticas e o Quadro Nacional de Refer\u00eancia para a Ciberseguran\u00e7a;<\/li>\n<li><strong>A consolida\u00e7\u00e3o do papel do Centro Nacional de Ciberseguran\u00e7a (CNCS)<\/strong> como autoridade nacional competente, em articula\u00e7\u00e3o com outros organismos como o Gabinete Nacional de Seguran\u00e7a e o Banco de Portugal;<\/li>\n<li><strong>A cria\u00e7\u00e3o do Conselho Superior de Seguran\u00e7a do Ciberespa\u00e7o<\/strong>, \u00f3rg\u00e3o consultivo do Primeiro-Ministro.<\/li>\n<\/ul>\n<p><a target=\"_blank\" href=\"https:\/\/pplware.sapo.pt\/wp-content\/uploads\/2024\/11\/NIS_00.jpeg\" onclick=\"refreshIframe()\" class=\"foobox\" rel=\"nofollow noopener\"><img loading=\"lazy\" decoding=\"async\" src=\"https:\/\/www.europesays.com\/pt\/wp-content\/uploads\/2025\/09\/NIS_00-720x405.jpeg\" alt=\"Portugal: H\u00e1 novidades na nova lei da CiberSeguran\u00e7a (NIS2)\" width=\"720\" height=\"405\" class=\"aligncenter wp-image-1029094 size-medium\"  \/><\/a><\/p>\n<p>O futuro regime legal exigir\u00e1 das entidades abrangidas a implementa\u00e7\u00e3o de sistemas de gest\u00e3o de riscos de ciberseguran\u00e7a, incluindo medidas t\u00e9cnicas, operacionais e organizativas adequadas.<br \/>\nOs \u00f3rg\u00e3os de administra\u00e7\u00e3o e dire\u00e7\u00e3o passam a ter responsabilidades diretas na supervis\u00e3o das pol\u00edticas de seguran\u00e7a digital, sendo obrigat\u00f3ria a nomea\u00e7\u00e3o de um respons\u00e1vel de ciberseguran\u00e7a e de um ponto de contacto permanente.<\/p>\n<p>As entidades ter\u00e3o tamb\u00e9m de notificar incidentes significativos \u00e0s autoridades competentes, de modo a assegurar uma resposta r\u00e1pida e coordenada a amea\u00e7as e ciberataques.<\/p>\n<p>O novo quadro prev\u00ea poderes refor\u00e7ados de supervis\u00e3o e auditoria, permitindo \u00e0s autoridades realizar inspe\u00e7\u00f5es, emitir advert\u00eancias e aplicar medidas corretivas, incluindo a suspens\u00e3o de licen\u00e7as ou o bloqueio de endere\u00e7os IP em caso de incumprimento grave.<\/p>\n<p>Ser\u00e1 criado um regime contraordenacional espec\u00edfico, com possibilidade de dispensa de coimas durante os primeiros 12 meses de aplica\u00e7\u00e3o, enquanto as entidades se adaptam \u00e0s novas regras.<\/p>\n<p>A autoriza\u00e7\u00e3o legislativa concedida pela <strong>Lei n.\u00ba 59\/2025 tem a dura\u00e7\u00e3o de 180 dias,<\/strong> per\u00edodo durante o qual o Governo dever\u00e1 aprovar o diploma que concretiza o novo regime de ciberseguran\u00e7a.<\/p>\n","protected":false},"excerpt":{"rendered":"A Lei n.\u00ba 59\/2025, de 22 de outubro, autoriza o Governo a transpor a Diretiva (UE) 2022\/2555, relativa&hellip;\n","protected":false},"author":2,"featured_media":103878,"comment_status":"","ping_status":"","sticky":false,"template":"","format":"standard","meta":{"footnotes":""},"categories":[83],"tags":[88,586,89,90,28218,32,33],"class_list":{"0":"post-121810","1":"post","2":"type-post","3":"status-publish","4":"format-standard","5":"has-post-thumbnail","7":"category-empresas","8":"tag-business","9":"tag-ciberseguranca","10":"tag-economy","11":"tag-empresas","12":"tag-nis2","13":"tag-portugal","14":"tag-pt"},"share_on_mastodon":{"url":"https:\/\/pubeurope.com\/@pt\/115418369057568266","error":""},"_links":{"self":[{"href":"https:\/\/www.europesays.com\/pt\/wp-json\/wp\/v2\/posts\/121810","targetHints":{"allow":["GET"]}}],"collection":[{"href":"https:\/\/www.europesays.com\/pt\/wp-json\/wp\/v2\/posts"}],"about":[{"href":"https:\/\/www.europesays.com\/pt\/wp-json\/wp\/v2\/types\/post"}],"author":[{"embeddable":true,"href":"https:\/\/www.europesays.com\/pt\/wp-json\/wp\/v2\/users\/2"}],"replies":[{"embeddable":true,"href":"https:\/\/www.europesays.com\/pt\/wp-json\/wp\/v2\/comments?post=121810"}],"version-history":[{"count":0,"href":"https:\/\/www.europesays.com\/pt\/wp-json\/wp\/v2\/posts\/121810\/revisions"}],"wp:featuredmedia":[{"embeddable":true,"href":"https:\/\/www.europesays.com\/pt\/wp-json\/wp\/v2\/media\/103878"}],"wp:attachment":[{"href":"https:\/\/www.europesays.com\/pt\/wp-json\/wp\/v2\/media?parent=121810"}],"wp:term":[{"taxonomy":"category","embeddable":true,"href":"https:\/\/www.europesays.com\/pt\/wp-json\/wp\/v2\/categories?post=121810"},{"taxonomy":"post_tag","embeddable":true,"href":"https:\/\/www.europesays.com\/pt\/wp-json\/wp\/v2\/tags?post=121810"}],"curies":[{"name":"wp","href":"https:\/\/api.w.org\/{rel}","templated":true}]}}