{"id":121811,"date":"2025-10-22T14:48:51","date_gmt":"2025-10-22T14:48:51","guid":{"rendered":"https:\/\/www.europesays.com\/pt\/121811\/"},"modified":"2025-10-22T14:48:51","modified_gmt":"2025-10-22T14:48:51","slug":"russia-rejeita-por-fim-a-guerra-durante-reuniao-em-budapeste-observador","status":"publish","type":"post","link":"https:\/\/www.europesays.com\/pt\/121811\/","title":{"rendered":"R\u00fassia rejeita p\u00f4r fim \u00e0 guerra durante reuni\u00e3o em Budapeste \u2013 Observador"},"content":{"rendered":"<p>Acompanhe <a href=\"https:\/\/observador.pt\/liveblogs\/ue-contra-a-entrega-de-territorios-ucranianos-a-moscovo-ataque-com-drones-faz-dois-feridos-na-russia\/\" rel=\"nofollow noopener\" target=\"_blank\">o nosso liveblog sobre a guerra na Ucr\u00e2nia\u00a0<\/a><\/p>\n<p>O ministro dos Neg\u00f3cios Estrangeiros russo, Serguei Lavrov, rejeitou esta ter\u00e7a-feira a possibilidade de a R\u00fassia p\u00f4r fim aos combates na Ucr\u00e2nia, argumentando que isso significaria desistir das raz\u00f5es pelas quais o conflito foi iniciado.<\/p>\n<p>\u201cSe simplesmente pararmos, isso significar\u00e1 esquecer as causas originais do conflito\u201d, disse Lavrov numa confer\u00eancia de imprensa realizada antes da cimeira de Budapeste, entre o Presidente russo, Vladimir Putin, e o Presidente norte-americano, Donald Trump, que poder\u00e1 acontecer na pr\u00f3xima semana.<\/p>\n<p>\u201cAgora ouvimos de Washington que devemos parar imediatamente [a guerra] e que n\u00e3o devemos discutir mais nada. Parem e deixem a Hist\u00f3ria julgar\u201d, acrescentou Lavrov.<\/p>\n<p>Na sua opini\u00e3o, a cessa\u00e7\u00e3o das hostilidades constituiria \u201cuma contradi\u00e7\u00e3o\u201d relativamente ao que foi acordado na cimeira de agosto no Alasca entre os dois l\u00edderes, e <strong>acusou os europeus de tentarem convencer a Casa Branca a mudar de posi\u00e7\u00e3o e a n\u00e3o procurar um \u201cacordo duradouro<\/strong>\u201c. \u201cSabemos quem est\u00e1 a fazer isto. S\u00e3o os europeus, os patrocinadores e os mestres de [o Presidente ucraniano, Volodymyr] Zelensky\u201d, apontou.<\/p>\n<p>O ministro russo lembrou que Putin e Trump concordaram no Alasca em \u201cconcentrar-se nas causas profundas e na necessidade de a Ucr\u00e2nia abandonar a tentativa de aderir \u00e0 NATO e, se poss\u00edvel, garantir plenamente os direitos leg\u00edtimos da popula\u00e7\u00e3o russa e russ\u00f3fona\u201d.<\/p>\n<p>Lavrov acrescentou que \u201cum cessar-fogo agora significaria apenas uma coisa: grande parte da Ucr\u00e2nia permaneceria sob o regime nazi de Kiev\u201d.<\/p>\n<p>\u201cEssa parte da Ucr\u00e2nia\u201d, continuou, \u201cseria o \u00fanico lugar na Terra onde uma l\u00edngua inteira seria proibida por lei, sem mencionar o facto de ser uma l\u00edngua oficial da ONU e falada pela maioria da popula\u00e7\u00e3o\u201d.<\/p>\n<p>O diplomata russo manifestou ainda surpresa com as not\u00edcias dos Estados Unidos \u2014 \u00a0avan\u00e7adas pela<a href=\"https:\/\/edition.cnn.com\/2025\/10\/20\/politics\/trump-putin-meeting-possible-delay-russia-ukraine\" rel=\"nofollow noopener\" target=\"_blank\"> televis\u00e3o CNN<\/a> \u2014 sobre um poss\u00edvel adiamento do seu encontro com o secret\u00e1rio de Estado norte-americano, Marco Rubio, com quem falou esta ter\u00e7a-feira ao telefone.<\/p>\n<p>No entanto, reconheceu que, na sua conversa telef\u00f3nica, nunca discutiram o encontro, mas apenas a possibilidade de voltarem a falar.<\/p>\n<p>Vladimir Putin e Donald Trump dever\u00e3o reunir-se na Hungria para encontrar uma solu\u00e7\u00e3o para a guerra na Ucr\u00e2nia.<\/p>\n<p>Dimitri Peskov, porta-voz do Kremlin, disse esperar que a cimeira sirva para \u201cfazer avan\u00e7ar um acordo pac\u00edfico\u201d sobre a Ucr\u00e2nia, mas n\u00e3o se pronuncia sobre a possibilidade de o hom\u00f3logo ucraniano participar no encontro.<\/p>\n<p>Peskov adiantou que Moscovo pretende que \u201cse avance, antes de mais, num acordo pac\u00edfico sobre a Ucr\u00e2nia\u201d no encontro de Budapeste, onde Zelensky se mostrou interessado em estar se for convidado.<\/p>\n<p>A not\u00edcia da CNN tamb\u00e9m foi referida na confer\u00eancia de imprensa di\u00e1ria do porta-voz da presid\u00eancia russa. \u201cN\u00e3o se pode adiar algo que n\u00e3o estava programado\u201d, observou Dimitri Peskov.<\/p>\n<p>                    <strong>Tem um minuto?<\/strong><br \/>O Observador est\u00e1 a realizar junto dos seus leitores um curto estudo de apenas quatro perguntas. <a href=\"https:\/\/observador.typeform.com\/to\/DnJJ0FZQ\" target=\"_blank\" style=\"text-decoration: underline; color:#262626;\" rel=\"nofollow noopener\">Responda aqui<\/a>.<\/p>\n","protected":false},"excerpt":{"rendered":"Acompanhe o nosso liveblog sobre a guerra na Ucr\u00e2nia\u00a0 O ministro dos Neg\u00f3cios Estrangeiros russo, Serguei Lavrov, rejeitou&hellip;\n","protected":false},"author":2,"featured_media":121812,"comment_status":"","ping_status":"","sticky":false,"template":"","format":"standard","meta":{"footnotes":""},"categories":[50],"tags":[27,28,445,15,16,1123,14,25,26,21,22,62,12,13,19,20,23,24,3879,17,18,1124,29,30,31,63,64,65],"class_list":{"0":"post-121811","1":"post","2":"type-post","3":"status-publish","4":"format-standard","5":"has-post-thumbnail","7":"category-mundo","8":"tag-breaking-news","9":"tag-breakingnews","10":"tag-europa","11":"tag-featured-news","12":"tag-featurednews","13":"tag-guerra-na-ucru00e2nia","14":"tag-headlines","15":"tag-latest-news","16":"tag-latestnews","17":"tag-main-news","18":"tag-mainnews","19":"tag-mundo","20":"tag-news","21":"tag-noticias","22":"tag-noticias-principais","23":"tag-noticiasprincipais","24":"tag-principais-noticias","25":"tag-principaisnoticias","26":"tag-ru00fassia","27":"tag-top-stories","28":"tag-topstories","29":"tag-ucru00e2nia","30":"tag-ultimas","31":"tag-ultimas-noticias","32":"tag-ultimasnoticias","33":"tag-world","34":"tag-world-news","35":"tag-worldnews"},"share_on_mastodon":{"url":"https:\/\/pubeurope.com\/@pt\/115418376615454024","error":""},"_links":{"self":[{"href":"https:\/\/www.europesays.com\/pt\/wp-json\/wp\/v2\/posts\/121811","targetHints":{"allow":["GET"]}}],"collection":[{"href":"https:\/\/www.europesays.com\/pt\/wp-json\/wp\/v2\/posts"}],"about":[{"href":"https:\/\/www.europesays.com\/pt\/wp-json\/wp\/v2\/types\/post"}],"author":[{"embeddable":true,"href":"https:\/\/www.europesays.com\/pt\/wp-json\/wp\/v2\/users\/2"}],"replies":[{"embeddable":true,"href":"https:\/\/www.europesays.com\/pt\/wp-json\/wp\/v2\/comments?post=121811"}],"version-history":[{"count":0,"href":"https:\/\/www.europesays.com\/pt\/wp-json\/wp\/v2\/posts\/121811\/revisions"}],"wp:featuredmedia":[{"embeddable":true,"href":"https:\/\/www.europesays.com\/pt\/wp-json\/wp\/v2\/media\/121812"}],"wp:attachment":[{"href":"https:\/\/www.europesays.com\/pt\/wp-json\/wp\/v2\/media?parent=121811"}],"wp:term":[{"taxonomy":"category","embeddable":true,"href":"https:\/\/www.europesays.com\/pt\/wp-json\/wp\/v2\/categories?post=121811"},{"taxonomy":"post_tag","embeddable":true,"href":"https:\/\/www.europesays.com\/pt\/wp-json\/wp\/v2\/tags?post=121811"}],"curies":[{"name":"wp","href":"https:\/\/api.w.org\/{rel}","templated":true}]}}