{"id":121813,"date":"2025-10-22T14:49:11","date_gmt":"2025-10-22T14:49:11","guid":{"rendered":"https:\/\/www.europesays.com\/pt\/121813\/"},"modified":"2025-10-22T14:49:11","modified_gmt":"2025-10-22T14:49:11","slug":"relatorio-do-acidente-da-gloria-aponta-contradicoes-e-corrige-informacao-o-que-se-sabe-e-falta-saber-em-sete-pontos-expresso","status":"publish","type":"post","link":"https:\/\/www.europesays.com\/pt\/121813\/","title":{"rendered":"Relat\u00f3rio do acidente da Gl\u00f3ria aponta contradi\u00e7\u00f5es e corrige informa\u00e7\u00e3o: o que se sabe e falta saber em sete pontos &#8211; Expresso"},"content":{"rendered":"<ol>\n<li><a href=\"https:\/\/news.google.com\/rss\/articles\/CBMi-wFBVV95cUxOb1pXWDZWbm91dXpYQ2ZMbm02MDVyMm5fR2ppQjJsMEFVVV9SYVZWeXd3ZVYtTF9LYjVnRTE5eVJNaVF6NDF2M0tSM0dfMU1GTTY4QW55c1A3OGVpVlAwUm1rTUR6c01aa1JDdjZQX0V2a0pBblZPeVU2SllZMUpVcllOWFluQUt5ektYVmkyenJ0SV9YMXFPbnZpclA2ZFZOQ3pLYlNYQTVWeXFya1FzS3ZQbUZmemdfU1RFdVBKc3kwUU1ZdHBZQ1ZPQlAtaGJzYXJMdFJCVUFZdTdkTlQtN2RUMVV6TzQzNVROYlhyWC1Pd1Y3S05STjBJVdIBgAJBVV95cUxPX0hGSGZFUWhGUUh2WWtVU3NDcXRtdWFZZ29pZ0ZON3BTMWN3YTNLelpxdnhxZzM4U3RyTjJ2enZuSmgzaFFYU0RCSlJSdW93MHZrejgxRmpEYl85b2pmcHE1VTdWNlh6WXJXOVZXMmt6NEZxZmV5OFVtZWQ2cWdmRGt1OEdiUzJJeVBGX3dsODMtRnhoZWtrU1g0VHJJRVl5SzhSV3ZlQWVRMDJ6QnUweUJ4YXlleUhaRDdPOUJySF85UWFJbjAtcThfakptOWs4T19JQWYxNEdSUFdPMjhzZTNEOWthTFBfNk40dFpvWFBaMVp2UnY3UG9oMk50dEQy?oc=5\" target=\"_blank\" rel=\"nofollow noopener\">Relat\u00f3rio do acidente da Gl\u00f3ria aponta contradi\u00e7\u00f5es e corrige informa\u00e7\u00e3o: o que se sabe e falta saber em sete pontos<\/a>&nbsp;&nbsp;Expresso<\/li>\n<li><a href=\"https:\/\/news.google.com\/rss\/articles\/CBMi-wFBVV95cUxPZ2VxeXlWRlVSVDNHZFQ2elFqSVQwbUVwWjJ6NVMyUFVuSzQzOUJFV1BNb0pVbmRaRGc5VG5WNlQwUmNLOURTN3hadTZJdGZvVi1Mbl81WUowY3NMTlhiRW5wbWVnc1RUZkozam9WQTZlMFREWVYzM3RzMmdySmJqU3hON1NLQzY3cUlHZ08wQ0thbTRWUUdqVGpqZmJ2VzZRWVF3S1RGdEdTU0FjeE9tMnFTUWsyQndUcTBXT2MxYlZ2RjM1X2JqbVk0cS1LR0ZJeVppZzJyTktsck44Wno1eUZQdnRlVjU5MmZwV1Z4QlZwaEQzbXRQdWlYZ9IBigJBVV95cUxOWUFmd3hneGt6TGwyYkdlUWdMeVIxUVZPSlh1QW9QdGgxbTJtdGRKQng5bm9LVW9BYTVzdEQ5ak1ib0FjaWxIbjNGQXg1bHZCN2dhdllwVzBfQTZTVkpmSFpCUFJ1UGlGZjR6cXIxd2NVeG5KUG1HYjVMem51eXZ0aUdkaTkxSFZHdkgzVEVlZ3BiVFc2aFVWdlU4NlUxNFJ5YzAxdUR0RmZWRHVoS1BDSVh0SUVkTl95MVNsdHgtbDEydS1aRFdsdGk3S25HU2psNC1iZzQ4MGxBSGNoRTNBNE44emh5elNHSWNEYXNMbGpEWFljVDVSbmJkX19IY0dFLXF6YXk2c25rdw?oc=5\" target=\"_blank\" rel=\"nofollow noopener\">Elevador da Gl\u00f3ria: o que aponta relat\u00f3rio preliminar sobre acidente com bondinho que deixou 16 mortos em Lisboa?<\/a>&nbsp;&nbsp;O Globo<\/li>\n<li><a href=\"https:\/\/news.google.com\/rss\/articles\/CBMiywFBVV95cUxOemhMekl0dW80U3lLb3FzRS1qZGFPYTZXN0x0VHNhRHc3UlB2TnA3c01ad1Itc2hURDZxYUdSSXpzVTFOaC1JWVE3LTFlMHJ1SVo4bm93RFJMREpXcG5wbUJrUWZjazItcjBrRzZmb1R1Sm04a0JsbE9MdVBnNDJVRkw5R2k2QWxZdzViRjBCX3JxcGdJaHdIYUdpVkVMa051U0hHUnR4Y2ZOR3VrTDAwX0cydnQydDVaeGI4aXZRRzNQU3hFWmJZOVVwa9IB0AFBVV95cUxOSDBMdlIzdjl1YlRvdnRuUy1pRm0yVDRRU18tUGxfREZPSkU3aWxRM2NxbUJwQ3k5TVliS2dKYWtXNFVrcEpmODJwVVh6VG5BcndCYXloOEhJQVd1WkFwelBtanNuYWt1MFZtempRdVp3bEpSX1puUERsemNHaEZKSmpUblpiQm45REtRc2pkWlk0RTUtbHBRYTVCR3Y3YUJxdFFlNTlQUjQ3NGVqaU1TaGdOTDVhWjN5aUljS2drTGJERWxCNW9pT1EzQTl1SDAt?oc=5\" target=\"_blank\" rel=\"nofollow noopener\">Acidente com Elevador da Gl\u00f3ria foi causado por falta de manuten\u00e7\u00e3o, diz relat\u00f3rio<\/a>&nbsp;&nbsp;Folha de S.Paulo<\/li>\n<li><a href=\"https:\/\/news.google.com\/rss\/articles\/CBMi4wFBVV95cUxQZ0JTVXlqZUY4a211YVJka0RUV3pobUpfcmZsMklGOVVMUWZRTjJwX1JtRnlrUndRYWVnSE5Rc25PdTUydUxIU2hDQVUySzJOdXRCMlhUWmtCZVU4Q0ppclVLYy0wZkFsNkMwZmN1bzAxdW1WWFczb3BTQngzenhIblFnbzUyTXdaRmN2aFlfejBFSWpxRXk5TFVqTFZSZjI2c0xVNlhMdUtab0tjaUlISF9TY1VPU2hqd1RoY2dRcVhLUlFFaS1xSkZxRjRaX29XazZFa0tzMjFmN0J1YnZ2Y0NROA?oc=5\" target=\"_blank\" rel=\"nofollow noopener\">Relat\u00f3rio aponta erro em compra de cabo para Elevador da Gl\u00f3ria<\/a>&nbsp;&nbsp;Terra<\/li>\n<li><a href=\"https:\/\/news.google.com\/rss\/articles\/CBMikAFBVV95cUxONi1ldTBxLVEyUXotWlByRmRzRE1wU2VENWp5RF9JTmhhc21RakZkZE5nOHppZk40ZmRxcDgtbDQxYUtlTmpxcW4zbGgzUkRaR1hna3FacUtUcDlqbk9JNE9NR1luemxLOHhrSnkwdkl3Wm5hcHg3SzF5V1BUalVGM2hjSGdyZTNYczlGWjg4aEs?oc=5\" target=\"_blank\" rel=\"nofollow noopener\">Acidente elevador da Gl\u00f3ria<\/a>&nbsp;&nbsp;R7<\/li>\n<\/ol>\n","protected":false},"excerpt":{"rendered":"Relat\u00f3rio do acidente da Gl\u00f3ria aponta contradi\u00e7\u00f5es e corrige informa\u00e7\u00e3o: o que se sabe e falta saber em&hellip;\n","protected":false},"author":2,"featured_media":113901,"comment_status":"","ping_status":"","sticky":false,"template":"","format":"standard","meta":{"footnotes":""},"categories":[10],"tags":[27,28,15,16,14,25,26,21,22,12,13,19,20,32,23,24,33,17,18,29,30,31],"class_list":{"0":"post-121813","1":"post","2":"type-post","3":"status-publish","4":"format-standard","5":"has-post-thumbnail","7":"category-portugal","8":"tag-breaking-news","9":"tag-breakingnews","10":"tag-featured-news","11":"tag-featurednews","12":"tag-headlines","13":"tag-latest-news","14":"tag-latestnews","15":"tag-main-news","16":"tag-mainnews","17":"tag-news","18":"tag-noticias","19":"tag-noticias-principais","20":"tag-noticiasprincipais","21":"tag-portugal","22":"tag-principais-noticias","23":"tag-principaisnoticias","24":"tag-pt","25":"tag-top-stories","26":"tag-topstories","27":"tag-ultimas","28":"tag-ultimas-noticias","29":"tag-ultimasnoticias"},"share_on_mastodon":{"url":"https:\/\/pubeurope.com\/@pt\/115418376689503426","error":""},"_links":{"self":[{"href":"https:\/\/www.europesays.com\/pt\/wp-json\/wp\/v2\/posts\/121813","targetHints":{"allow":["GET"]}}],"collection":[{"href":"https:\/\/www.europesays.com\/pt\/wp-json\/wp\/v2\/posts"}],"about":[{"href":"https:\/\/www.europesays.com\/pt\/wp-json\/wp\/v2\/types\/post"}],"author":[{"embeddable":true,"href":"https:\/\/www.europesays.com\/pt\/wp-json\/wp\/v2\/users\/2"}],"replies":[{"embeddable":true,"href":"https:\/\/www.europesays.com\/pt\/wp-json\/wp\/v2\/comments?post=121813"}],"version-history":[{"count":0,"href":"https:\/\/www.europesays.com\/pt\/wp-json\/wp\/v2\/posts\/121813\/revisions"}],"wp:featuredmedia":[{"embeddable":true,"href":"https:\/\/www.europesays.com\/pt\/wp-json\/wp\/v2\/media\/113901"}],"wp:attachment":[{"href":"https:\/\/www.europesays.com\/pt\/wp-json\/wp\/v2\/media?parent=121813"}],"wp:term":[{"taxonomy":"category","embeddable":true,"href":"https:\/\/www.europesays.com\/pt\/wp-json\/wp\/v2\/categories?post=121813"},{"taxonomy":"post_tag","embeddable":true,"href":"https:\/\/www.europesays.com\/pt\/wp-json\/wp\/v2\/tags?post=121813"}],"curies":[{"name":"wp","href":"https:\/\/api.w.org\/{rel}","templated":true}]}}