{"id":121814,"date":"2025-10-22T14:51:25","date_gmt":"2025-10-22T14:51:25","guid":{"rendered":"https:\/\/www.europesays.com\/pt\/121814\/"},"modified":"2025-10-22T14:51:25","modified_gmt":"2025-10-22T14:51:25","slug":"ana-hickmann-compartilha-fotos-com-filha-de-edu-guedes","status":"publish","type":"post","link":"https:\/\/www.europesays.com\/pt\/121814\/","title":{"rendered":"Ana Hickmann compartilha fotos com filha de Edu Guedes"},"content":{"rendered":"<p><a href=\"https:\/\/caras.com.br\/tags\/ana-hickmann\" rel=\"nofollow noopener\" target=\"_blank\"><strong>Ana Hickmann<\/strong><\/a> chamou aten\u00e7\u00e3o nas redes sociais ao compartilhar um registro especial ao lado da enteada, <strong>Maria Eduarda,<\/strong> de 16 anos. As duas participaram juntas de um evento de moda e a apresentadora contou que essa foi a primeira vez que estiveram lado a lado em uma ocasi\u00e3o do tipo.<\/p>\n<p>\u201cEntre risadas, looks e brilho nos olhos, ontem foi o nosso primeiro evento de moda juntas! Foi incr\u00edvel, e isso \u00e9 s\u00f3 o come\u00e7o\u201d, escreveu Ana na legenda das fotos, mostrando carinho com a filha de <strong><a href=\"https:\/\/caras.com.br\/tags\/edu-guedes\" rel=\"nofollow noopener\" target=\"_blank\">Edu Guedes<\/a>.<\/strong><\/p>\n<p>Maria Eduarda \u00e9 fruto do antigo relacionamento do apresentador com a empres\u00e1ria <strong>Daniela Zurita,<\/strong> com quem ele foi casado por quatro anos. Hoje, ela convive tamb\u00e9m com Ana e <strong>Alezinho,<\/strong> filho da apresentadora, de 11 anos.<\/p>\n<blockquote class=\"instagram-media\" style=\"background: #FFF; border: 0; border-radius: 3px; box-shadow: 0 0 1px 0 rgba(0,0,0,0.5),0 1px 10px 0 rgba(0,0,0,0.15); margin: 1px; max-width: 540px; min-width: 326px; padding: 0; width: calc(100% - 2px);\" data-instgrm-captioned=\"\" data-instgrm-permalink=\"https:\/\/www.instagram.com\/p\/DQFe6eFD5eX\/?utm_source=ig_embed&amp;utm_campaign=loading\" data-instgrm-version=\"14\"><\/blockquote>\n<p>\t Ana Hickmann comenta rela\u00e7\u00e3o entre os filhos <\/p>\n<p>Em entrevista \u00e0 <strong>CARAS<\/strong>, o casal, que oficializou a uni\u00e3o no civil em julho, contou como tem sido a rotina familiar e a conviv\u00eancia entre os filhos. Edu, que se recupera de uma cirurgia ap\u00f3s a retirada de um c\u00e2ncer no p\u00e2ncreas, explicou que Maria e Alezinho criaram um v\u00ednculo forte.<\/p>\n<p>\u201cEles se d\u00e3o muito bem, um ajuda o outro. Nas quest\u00f5es que precisam de um pouco mais de maturidade, a Maria ajuda o Alezinho, mas ao mesmo tempo ele traz esse lado mais leve, de brincadeira. \u00c9 uma troca linda\u201d, disse o chef.<\/p>\n<p>Ana completou destacando o carinho do filho pela enteada. \u201cO Ale admira muito a Maria, ele quer conversar sobre tudo com ela. \u00c9 bonito ver essa parceria crescendo naturalmente\u201d, comentou.<\/p>\n<p>Durante o bate-papo, os dois ainda foram questionados sobre a possibilidade de aumentarem a fam\u00edlia. \u201cPensar a gente pensa sim, a quest\u00e3o \u00e9 o tempo de Deus\u201d, afirmou Ana, sem descartar a chegada de um novo beb\u00ea.<\/p>\n<p>Leia tamb\u00e9m: <a href=\"https:\/\/caras.com.br\/atualidades\/ana-hickmann-e-edu-guedes-abrem-o-jogo-sobre-relacao-dos-filhos-e-aumentar-familia.phtml\" rel=\"nofollow noopener\" target=\"_blank\">Ana Hickmann e Edu Guedes abrem o jogo sobre rela\u00e7\u00e3o dos filhos e aumentarem a fam\u00edlia<\/a><\/p>\n<p>        <a href=\"https:\/\/caras.com.br\/autor\/izabella-nicolau\" rel=\"nofollow noopener\" target=\"_blank\">&#13;<br \/>\n          <img loading=\"lazy\" decoding=\"async\" alt=\"Izabella Nicolau\" src=\"https:\/\/www.europesays.com\/pt\/wp-content\/uploads\/2025\/10\/whatsapp_image_2025-08-12_at_15.10.50_1_sqmd.jpeg\" class=\"avatar avatar-115 photo rounded-circle\" height=\"115\" width=\"115\"\/>        <\/a><\/p>\n<p><strong>Izabella Nicolau<\/strong> \u00e9 rep\u00f3rter de conte\u00fado do site CARAS. Formada em jornalismo, j\u00e1 passou por sites como Observat\u00f3rio do Cinema e Ultraverso. Escreve sobre cultura, entretenimento e celebridades.<\/p>\n<p>\t                                            <script async src=\"\/\/www.instagram.com\/embed.js\"><\/script><\/p>\n","protected":false},"excerpt":{"rendered":"Ana Hickmann chamou aten\u00e7\u00e3o nas redes sociais ao compartilhar um registro especial ao lado da enteada, Maria Eduarda,&hellip;\n","protected":false},"author":2,"featured_media":121815,"comment_status":"","ping_status":"","sticky":false,"template":"","format":"standard","meta":{"footnotes":""},"categories":[145],"tags":[6500,211,210,6497,114,115,32,33],"class_list":{"0":"post-121814","1":"post","2":"type-post","3":"status-publish","4":"format-standard","5":"has-post-thumbnail","7":"category-celebridades","8":"tag-ana-hickmann","9":"tag-celebridades","10":"tag-celebrities","11":"tag-edu-guedes","12":"tag-entertainment","13":"tag-entretenimento","14":"tag-portugal","15":"tag-pt"},"share_on_mastodon":{"url":"https:\/\/pubeurope.com\/@pt\/115418384599073000","error":""},"_links":{"self":[{"href":"https:\/\/www.europesays.com\/pt\/wp-json\/wp\/v2\/posts\/121814","targetHints":{"allow":["GET"]}}],"collection":[{"href":"https:\/\/www.europesays.com\/pt\/wp-json\/wp\/v2\/posts"}],"about":[{"href":"https:\/\/www.europesays.com\/pt\/wp-json\/wp\/v2\/types\/post"}],"author":[{"embeddable":true,"href":"https:\/\/www.europesays.com\/pt\/wp-json\/wp\/v2\/users\/2"}],"replies":[{"embeddable":true,"href":"https:\/\/www.europesays.com\/pt\/wp-json\/wp\/v2\/comments?post=121814"}],"version-history":[{"count":0,"href":"https:\/\/www.europesays.com\/pt\/wp-json\/wp\/v2\/posts\/121814\/revisions"}],"wp:featuredmedia":[{"embeddable":true,"href":"https:\/\/www.europesays.com\/pt\/wp-json\/wp\/v2\/media\/121815"}],"wp:attachment":[{"href":"https:\/\/www.europesays.com\/pt\/wp-json\/wp\/v2\/media?parent=121814"}],"wp:term":[{"taxonomy":"category","embeddable":true,"href":"https:\/\/www.europesays.com\/pt\/wp-json\/wp\/v2\/categories?post=121814"},{"taxonomy":"post_tag","embeddable":true,"href":"https:\/\/www.europesays.com\/pt\/wp-json\/wp\/v2\/tags?post=121814"}],"curies":[{"name":"wp","href":"https:\/\/api.w.org\/{rel}","templated":true}]}}