{"id":121834,"date":"2025-10-22T15:07:15","date_gmt":"2025-10-22T15:07:15","guid":{"rendered":"https:\/\/www.europesays.com\/pt\/121834\/"},"modified":"2025-10-22T15:07:15","modified_gmt":"2025-10-22T15:07:15","slug":"com-apoio-do-governo-do-tocantins-obra-de-autor-tocantinense-e-destinada-as-bibliotecas-publicas-do-estado","status":"publish","type":"post","link":"https:\/\/www.europesays.com\/pt\/121834\/","title":{"rendered":"Com apoio do Governo do Tocantins, obra de autor tocantinense \u00e9 destinada \u00e0s bibliotecas p\u00fablicas do estado"},"content":{"rendered":"<p>\t\t\t\t\t\t<img decoding=\"async\" src=\"https:\/\/www.europesays.com\/pt\/wp-content\/uploads\/2025\/10\/450138\" alt=\"\"\/><\/p>\n<p>\t\t\t\t\t\t\tCoordenadora do Sistema Estadual de Bibliotecas P\u00fablicas do Tocantins, Mayra Cabral (\u00e0 esquerda), e a assistente especializada da Secult, T\u00e1tila Oliveira Barroso, recebem a doa\u00e7\u00e3o de 15 livros<br \/>\n\t\t\t\t\t\t\t\t\t\t\t\t\t\t&#8211; Foto: Marcelo Rodrigues\/Governo do Tocantins<br \/>\n\t\t\t\t\t\t\t\t\t\t\t\t\t\t<a href=\"https:\/\/central.to.gov.br\/image\/450138?f=1\" target=\"_blank\" title=\"Download da foto original\" rel=\"nofollow noopener\">file_download<\/a><\/p>\n<p>Com apoio do Governo do Tocantins, por meio da Pol\u00edtica Nacional Aldir Blanc (PNAB), o escritor tocantinense Youssef Carvalho apresentou, nessa ter\u00e7a-feira, 21, sua obra Corruptos: Um ser t\u00edpico em um mundo at\u00edpico \u00e0 Secretaria de Estado da Cultura (Secult). Durante o encontro, o autor realizou a doa\u00e7\u00e3o de 15 exemplares, que ser\u00e3o distribu\u00eddos a bibliotecas p\u00fablicas do Estado, fortalecendo o acesso \u00e0 literatura e valorizando a produ\u00e7\u00e3o liter\u00e1ria regional.<\/p>\n<p>Um dos livros doados ser\u00e1 destinado a compor o acervo da biblioteca do MovCEU.<\/p>\n<p>A secret\u00e1ria interina, Val\u00e9ria Kurovski, celebrou o momento. \u201cA doa\u00e7\u00e3o realizada pelo autor contribui para o fortalecimento das pol\u00edticas p\u00fablicas de leitura. \u00c9 uma a\u00e7\u00e3o alinhada aos objetivos da Secretaria de Estado da Cultura de ampliar o acesso \u00e0 literatura e valorizar os autores tocantinenses\u201d, destacou.<\/p>\n<p>A coordenadora do Sistema Estadual de Bibliotecas P\u00fablicas, Mayra Cabral, destacou a import\u00e2ncia da iniciativa. \u201cOs exemplares ser\u00e3o distribu\u00eddos entre as bibliotecas cadastradas. Essa a\u00e7\u00e3o fortalece o acesso \u00e0 literatura regional e aproxima os leitores de obras que refletem nossa realidade\u201d, pontuou.<\/p>\n<p>Sobre a inspira\u00e7\u00e3o para o livro, Youssef contou que a ideia surgiu em casa, com seu filho Jo\u00e3o Victor, que \u00e9 at\u00edpico. \u201cA forma como ele pensa e se desenvolve me inspirou a criar esse mundo diferente. O personagem Corruptos representa uma esp\u00e9cie de g\u00eanio que se corrompe, com valores distintos da crian\u00e7a t\u00edpica, que \u00e9 pura.\u201d<\/p>\n<p>O lan\u00e7amento oficial da obra ocorreu no dia 10 de outubro, em Para\u00edso do Tocantins, com vendas, doa\u00e7\u00f5es e participa\u00e7\u00e3o popular.<\/p>\n<p>Edi\u00e7\u00e3o: Th\u00e2mara Cruvinel<\/p>\n","protected":false},"excerpt":{"rendered":"Coordenadora do Sistema Estadual de Bibliotecas P\u00fablicas do Tocantins, Mayra Cabral (\u00e0 esquerda), e a assistente especializada da&hellip;\n","protected":false},"author":2,"featured_media":121835,"comment_status":"","ping_status":"","sticky":false,"template":"","format":"standard","meta":{"footnotes":""},"categories":[143],"tags":[169,114,115,170,32,33],"class_list":{"0":"post-121834","1":"post","2":"type-post","3":"status-publish","4":"format-standard","5":"has-post-thumbnail","7":"category-livros","8":"tag-books","9":"tag-entertainment","10":"tag-entretenimento","11":"tag-livros","12":"tag-portugal","13":"tag-pt"},"share_on_mastodon":{"url":"https:\/\/pubeurope.com\/@pt\/115418447554130581","error":""},"_links":{"self":[{"href":"https:\/\/www.europesays.com\/pt\/wp-json\/wp\/v2\/posts\/121834","targetHints":{"allow":["GET"]}}],"collection":[{"href":"https:\/\/www.europesays.com\/pt\/wp-json\/wp\/v2\/posts"}],"about":[{"href":"https:\/\/www.europesays.com\/pt\/wp-json\/wp\/v2\/types\/post"}],"author":[{"embeddable":true,"href":"https:\/\/www.europesays.com\/pt\/wp-json\/wp\/v2\/users\/2"}],"replies":[{"embeddable":true,"href":"https:\/\/www.europesays.com\/pt\/wp-json\/wp\/v2\/comments?post=121834"}],"version-history":[{"count":0,"href":"https:\/\/www.europesays.com\/pt\/wp-json\/wp\/v2\/posts\/121834\/revisions"}],"wp:featuredmedia":[{"embeddable":true,"href":"https:\/\/www.europesays.com\/pt\/wp-json\/wp\/v2\/media\/121835"}],"wp:attachment":[{"href":"https:\/\/www.europesays.com\/pt\/wp-json\/wp\/v2\/media?parent=121834"}],"wp:term":[{"taxonomy":"category","embeddable":true,"href":"https:\/\/www.europesays.com\/pt\/wp-json\/wp\/v2\/categories?post=121834"},{"taxonomy":"post_tag","embeddable":true,"href":"https:\/\/www.europesays.com\/pt\/wp-json\/wp\/v2\/tags?post=121834"}],"curies":[{"name":"wp","href":"https:\/\/api.w.org\/{rel}","templated":true}]}}