{"id":121838,"date":"2025-10-22T15:10:18","date_gmt":"2025-10-22T15:10:18","guid":{"rendered":"https:\/\/www.europesays.com\/pt\/121838\/"},"modified":"2025-10-22T15:10:18","modified_gmt":"2025-10-22T15:10:18","slug":"bolsonaro-sera-retratado-em-filme-de-ficcao-que-reconta-atentado-a-facada-em-2018-conheca-o-elenco-2","status":"publish","type":"post","link":"https:\/\/www.europesays.com\/pt\/121838\/","title":{"rendered":"Bolsonaro ser\u00e1 retratado em filme de fic\u00e7\u00e3o que reconta atentado a facada em 2018; conhe\u00e7a o elenco"},"content":{"rendered":"<p data-component-name=\"paragraph\" class=\"styles__ParagraphStyled-sc-6adecn-0 gsLklW  \">O ex-presidente <a href=\"https:\/\/www.estadao.com.br\/tudo-sobre\/jair-bolsonaro\/?srsltid=AfmBOorBjzDHGJ5YxAJDr16dCY7YfyYmtB-psfNfZ7FwaKTwpie48Y04\" target=\"_blank\" rel=\"nofollow noopener\" title=\"https:\/\/www.estadao.com.br\/tudo-sobre\/jair-bolsonaro\/?srsltid=AfmBOorBjzDHGJ5YxAJDr16dCY7YfyYmtB-psfNfZ7FwaKTwpie48Y04\"><strong>Jair Bolsonaro<\/strong><\/a><strong> <\/strong>ser\u00e1 tema de um filme de fic\u00e7\u00e3o intitulado \u201cDark Horse\u201d, dirigido pelo cineasta norte-americano Cyrus Nowrasteh. A produ\u00e7\u00e3o iniciou nesta segunda-feira, 20, e est\u00e1 prevista para ser lan\u00e7ada em 2026. A trama gira em torno da facada contra o ex-chefe do Executivo<\/p>\n<p data-component-name=\"paragraph\" class=\"styles__ParagraphStyled-sc-6adecn-0 gsLklW  \">O roteiro \u00e9 baseado em um texto do deputado federal <a href=\"https:\/\/www.estadao.com.br\/tudo-sobre\/mario-frias\/?srsltid=AfmBOopkZdIAPz75yLvOB4On1yKbqIpoqDLt92bX8VzdtJjUDcS9JSyb\" target=\"_blank\" rel=\"nofollow noopener\" title=\"https:\/\/www.estadao.com.br\/tudo-sobre\/mario-frias\/?srsltid=AfmBOopkZdIAPz75yLvOB4On1yKbqIpoqDLt92bX8VzdtJjUDcS9JSyb\"><strong>Mario Frias <\/strong><\/a>(PL-SP), intitulado \u201cCapit\u00e3o do Povo\u201d, e pretende retratar Bolsonaro como um \u201cimprov\u00e1vel vencedor\u201d das elei\u00e7\u00f5es presidenciais de 2018, com foco na facada que Bolsonaro sofreu durante a campanha eleitoral em Juiz de Fora (MG).<\/p>\n<p><img  loading=\"lazy\" class=\"lazy-load-img\"\/><\/p>\n<p>Bolsonaro ser\u00e1 retratado em filme de fic\u00e7\u00e3o que reconta atentado da facada; veja elenco.\u00a0Foto:  Wilton Junior\/ Estad\u00e3o<\/p>\n<p>O filme adota uma narrativa heroica, incluindo flashbacks fict\u00edcios em que Bolsonaro, ainda como militar do Ex\u00e9rcito nos anos 1980, combate o tr\u00e1fico de drogas e se torna alvo de conspira\u00e7\u00f5es da esquerda e do crime organizado.<\/p>\n<p>O roteiro tamb\u00e9m inclui outras tentativas de assassinato ordenadas pelos \u201cmandantes\u201d do atentado, enquanto <a href=\"https:\/\/www.estadao.com.br\/politica\/facada-bolsonaro-novas-cirurgias-jair-bolsonaro-juiz-de-fora-nprp\/?srsltid=AfmBOoolVOKGP5D0OCshBDWl3t7YGWXCaAYdsamnIG7wqJbeYshhBa3A\" target=\"_blank\" rel=\"nofollow noopener\" title=\"https:\/\/www.estadao.com.br\/politica\/facada-bolsonaro-novas-cirurgias-jair-bolsonaro-juiz-de-fora-nprp\/?srsltid=AfmBOoolVOKGP5D0OCshBDWl3t7YGWXCaAYdsamnIG7wqJbeYshhBa3A\"><strong>Bolsonaro estava internado ap\u00f3s a facada<\/strong><\/a><strong>.<\/strong> <\/p>\n<p data-component-name=\"paragraph\" class=\"styles__ParagraphStyled-sc-6adecn-0 gsLklW  \">Na trama fict\u00edcia, o principal vil\u00e3o \u00e9 um traficante rico e influente, que Bolsonaro teria mandado prender nos tempos de atua\u00e7\u00e3o no Ex\u00e9rcito. O autor da tentativa de homicido, em refer\u00eancia a <a href=\"https:\/\/www.estadao.com.br\/tudo-sobre\/adelio-bispo-de-oliveira\/?srsltid=AfmBOoqr0QYRSI3cZ4F49XwTC5wOUTiZrBc2GBwQtRoQidtOC3_-jDHE\" target=\"_blank\" rel=\"nofollow noopener\" title=\"https:\/\/www.estadao.com.br\/tudo-sobre\/adelio-bispo-de-oliveira\/?srsltid=AfmBOoqr0QYRSI3cZ4F49XwTC5wOUTiZrBc2GBwQtRoQidtOC3_-jDHE\"><strong>Ad\u00e9lio Bispo<\/strong><\/a>, no filme ser\u00e1 chamado de Aur\u00e9lio Barba.<\/p>\n<p data-component-name=\"paragraph\" class=\"styles__ParagraphStyled-sc-6adecn-0 gsLklW  \">A fam\u00edlia Bolsonaro tamb\u00e9m estar\u00e1 representada, o vereador <a href=\"https:\/\/www.estadao.com.br\/tudo-sobre\/carlos-bolsonaro\/?srsltid=AfmBOorkxyNlMOFcNrytMbL1dMRd7UTNspOTmorvuVssNJkBXwefosIY\" target=\"_blank\" rel=\"nofollow noopener\" title=\"https:\/\/www.estadao.com.br\/tudo-sobre\/carlos-bolsonaro\/?srsltid=AfmBOorkxyNlMOFcNrytMbL1dMRd7UTNspOTmorvuVssNJkBXwefosIY\"><strong>Carlos Bolsonaro<\/strong> <\/a>(PL-RJ) ser\u00e1 vivido pelo ator brasileiro S\u00e9rgio Barreto; <a href=\"https:\/\/www.estadao.com.br\/tudo-sobre\/eduardo-bolsonaro\/?srsltid=AfmBOord9RzKjJtC-bH6O1TiNBFVxBL99rbMKFBtuo7l0-eN10xYTZKM\" target=\"_blank\" rel=\"nofollow noopener\" title=\"https:\/\/www.estadao.com.br\/tudo-sobre\/eduardo-bolsonaro\/?srsltid=AfmBOord9RzKjJtC-bH6O1TiNBFVxBL99rbMKFBtuo7l0-eN10xYTZKM\"><strong>Eduardo Bolsonaro<\/strong><\/a><strong> <\/strong>(PL-SP) ser\u00e1 representado pelo americano Eddie Finlay e o senador <a href=\"https:\/\/www.estadao.com.br\/tudo-sobre\/flavio-bolsonaro\/?srsltid=AfmBOoqegHdqDuIAseUzgxsgiIe_TE3_m-4de4ePYdGG_N1UALlfh641\" target=\"_blank\" rel=\"nofollow noopener\" title=\"https:\/\/www.estadao.com.br\/tudo-sobre\/flavio-bolsonaro\/?srsltid=AfmBOoqegHdqDuIAseUzgxsgiIe_TE3_m-4de4ePYdGG_N1UALlfh641\"><strong>Fl\u00e1vio Bolsonaro<\/strong> <\/a>(PL-RJ) por Marcus Ornellas. Al\u00e9m disso, a ex-primeira-dama <a href=\"https:\/\/www.estadao.com.br\/tudo-sobre\/michelle-de-paula-bolsonaro\/?srsltid=AfmBOopg8VNqpHeuESeM-nburWgvm1h_lZuqj77zVfVg0Vt-zMB7P-CM\" target=\"_blank\" rel=\"noreferrer nofollow noopener\" title=\"https:\/\/www.estadao.com.br\/tudo-sobre\/michelle-de-paula-bolsonaro\/?srsltid=AfmBOopg8VNqpHeuESeM-nburWgvm1h_lZuqj77zVfVg0Vt-zMB7P-CM\"><strong>Michelle Bolsonaro<\/strong><\/a> e a filha ca\u00e7ula do casal, Laura Bolsonaro, tamb\u00e9m aparecer\u00e3o na hist\u00f3ria.<\/p>\n","protected":false},"excerpt":{"rendered":"O ex-presidente Jair Bolsonaro ser\u00e1 tema de um filme de fic\u00e7\u00e3o intitulado \u201cDark Horse\u201d, dirigido pelo cineasta norte-americano&hellip;\n","protected":false},"author":2,"featured_media":121839,"comment_status":"","ping_status":"","sticky":false,"template":"","format":"standard","meta":{"footnotes":""},"categories":[140],"tags":[28221,28222,28223,28224,28225,28226,28227,28228,28229,28230,28231,28232,28233,28234,28235,25334,28236,28237,114,28238,115,28239,147,148,28240,3354,28241,146,28242,32,33,16433],"class_list":{"0":"post-121838","1":"post","2":"type-post","3":"status-publish","4":"format-standard","5":"has-post-thumbnail","7":"category-filmes","8":"tag-1139-2025-convocacao","9":"tag-1324-2025-convocacao","10":"tag-1749-2025-convocacao","11":"tag-18a-reuniao","12":"tag-2a-fase","13":"tag-2o-depoente","14":"tag-496-2025-convite","15":"tag-617-2025-convocacao","16":"tag-795-2025-convocacao","17":"tag-910-2025-convocacao","18":"tag-amar-brasil-clube-de-beneficios","19":"tag-beneficios-de-aposentados","20":"tag-beneficios-de-pensionistas","21":"tag-comissao-parlamentar-mista-de-inquerito-do-congresso-nacional","22":"tag-cpmi-inss","23":"tag-depoimento","24":"tag-desconto-irregular","25":"tag-dirigente","26":"tag-entertainment","27":"tag-entidade","28":"tag-entretenimento","29":"tag-felipe-macedo-gomes","30":"tag-film","31":"tag-filmes","32":"tag-fraude-no-inss","33":"tag-inss","34":"tag-instituto-nacional-do-seguro-social","35":"tag-movies","36":"tag-oitiva","37":"tag-portugal","38":"tag-pt","39":"tag-senado-federal"},"share_on_mastodon":{"url":"","error":"Validation failed: Text character limit of 500 exceeded"},"_links":{"self":[{"href":"https:\/\/www.europesays.com\/pt\/wp-json\/wp\/v2\/posts\/121838","targetHints":{"allow":["GET"]}}],"collection":[{"href":"https:\/\/www.europesays.com\/pt\/wp-json\/wp\/v2\/posts"}],"about":[{"href":"https:\/\/www.europesays.com\/pt\/wp-json\/wp\/v2\/types\/post"}],"author":[{"embeddable":true,"href":"https:\/\/www.europesays.com\/pt\/wp-json\/wp\/v2\/users\/2"}],"replies":[{"embeddable":true,"href":"https:\/\/www.europesays.com\/pt\/wp-json\/wp\/v2\/comments?post=121838"}],"version-history":[{"count":0,"href":"https:\/\/www.europesays.com\/pt\/wp-json\/wp\/v2\/posts\/121838\/revisions"}],"wp:featuredmedia":[{"embeddable":true,"href":"https:\/\/www.europesays.com\/pt\/wp-json\/wp\/v2\/media\/121839"}],"wp:attachment":[{"href":"https:\/\/www.europesays.com\/pt\/wp-json\/wp\/v2\/media?parent=121838"}],"wp:term":[{"taxonomy":"category","embeddable":true,"href":"https:\/\/www.europesays.com\/pt\/wp-json\/wp\/v2\/categories?post=121838"},{"taxonomy":"post_tag","embeddable":true,"href":"https:\/\/www.europesays.com\/pt\/wp-json\/wp\/v2\/tags?post=121838"}],"curies":[{"name":"wp","href":"https:\/\/api.w.org\/{rel}","templated":true}]}}