{"id":121854,"date":"2025-10-22T15:20:15","date_gmt":"2025-10-22T15:20:15","guid":{"rendered":"https:\/\/www.europesays.com\/pt\/121854\/"},"modified":"2025-10-22T15:20:15","modified_gmt":"2025-10-22T15:20:15","slug":"video-axl-rose-perde-a-paciencia-joga-microfone-no-chao-e-chuta-bateria-em-show","status":"publish","type":"post","link":"https:\/\/www.europesays.com\/pt\/121854\/","title":{"rendered":"V\u00cdDEO: Axl Rose perde a paci\u00eancia, joga microfone no ch\u00e3o e chuta bateria em show"},"content":{"rendered":"<p>                            <img width=\"944\" height=\"531\" src=\"https:\/\/www.europesays.com\/pt\/wp-content\/uploads\/2025\/10\/VIDEO-Axl-Rose-perde-a-paciencia-joga-microfone-no-chao-e-chuta-bateria-de-novo-membro-944x531.jpg\" class=\"attachment-custom-large size-custom-large article-featured-image\" alt=\"\" fetchpriority=\"high\" decoding=\"async\"  \/><\/p>\n<p>&#8220;Surto&#8221; de cantor foi logo no in\u00edcio da apresenta\u00e7\u00e3o em Buenos Aires (Foto: Redes sociais, Reprodu\u00e7\u00e3o)<\/p>\n<p>Um momento de tens\u00e3o marcou um show do Guns N\u2019 Roses em Buenos Aires, quando o cantor Axl Rose, de 63 anos, atirou o microfone e chutou a bataria do novo integrante da banda, Isaac Carpenter. O epis\u00f3dio ocorreu no \u00faltimo s\u00e1bado (18), pouco tempo depois de a apresenta\u00e7\u00e3o come\u00e7ar. Com informa\u00e7\u00f5es da CNN.<\/p>\n<p>Continua depois da publicidade<\/p>\n<p>O grupo de hard rock apresentava a ic\u00f4nica \u201cWelcome to the Jungle\u201d quando o vocalista perdeu a calma. Nas redes sociais, f\u00e3s publicaram v\u00eddeos de Axl arremessando o microfone em dire\u00e7\u00e3o \u00e0 bateria, chutando o bumbo do equipamento e deixando o palco.<\/p>\n<p>Assista<\/p>\n<p>Mesmo com a repercuss\u00e3o e v\u00eddeos \u201cpipocando\u201d nas redes sociais, o Guns N\u2019 Roses n\u00e3o se pronunciou sobre o caso. N\u00e3o est\u00e1 claro se a a\u00e7\u00e3o do vocalista teve rela\u00e7\u00e3o direta com Isaac.<\/p>\n<p>O integrante faz parte da banda h\u00e1 poucos meses. Em 2024, a banda anunciou a sa\u00edda de Frank Ferrer, que integrou o grupo por quase 20 anos.\u00a0Desde ent\u00e3o, Isaac ocupa o posto.<\/p>\n<p><strong><a href=\"https:\/\/www.nsctotal.com.br\/noticias\/bandana-de-axl-guitarra-de-slash-e-1930-itens-do-guns-n-roses-desembarcam-para-show-em-sc\" target=\"_blank\" rel=\"noreferrer noopener nofollow\">Bandana de Axl, guitarra de Slash e 1930 itens do Guns N\u2019 Roses desembarcam para show em SC<\/a><\/strong><\/p>\n<p>Continua depois da publicidade<\/p>\n<p>O antigo membro havia ingressado no Guns N\u2019 Roses em junho de 2006, susbstituindo Bryan Mantia, e integrou a banda at\u00e9 novembro de 2023. A forma\u00e7\u00e3o atual inclui Axl, Slash, Duff McKagan, Dizzy Reed, Richard Fortus, Melissa Reese e Isaac Carpenter.<\/p>\n<p>Na \u00e9poca em que deixou a banda, o comunicado oficial do grupo de hard rock dizia que a sa\u00edda de Frank era \u201camistosa\u201d. No entanto, posteriormente o m\u00fasico admitiu ter ficado \u201cdecepcionado\u201d com o fim da parceira.<\/p>\n<p>Ap\u00f3s passar por diversos pa\u00edses da Am\u00e9rica Latina, a banda <strong><a href=\"https:\/\/www.nsctotal.com.br\/noticias\/show-do-guns-n-roses-em-florianopolis-tera-transporte-de-ida-e-volta-em-pontos-da-capital\" target=\"_blank\" rel=\"noreferrer noopener nofollow\">desembarcou em Santa Catarina na noite de segunda-feira (20)<\/a><\/strong> com a turn\u00ea\u00a0\u201cBecause What You Want and What You Get Are Two Completely Different Things\u201d.\u00a0A apresenta\u00e7\u00e3o de estreia do Guns N\u2019 Roses no pa\u00eds acontece nesta ter\u00e7a-feira (21), na \u00e1rea externa da Arena Opus, na Grande Florian\u00f3polis. A banda brasileira Raimundos far\u00e1 o show de abertura.<\/p>\n<p>*Sob supervis\u00e3o de Raquel Vieira<\/p>\n<p>Leia tamb\u00e9m<\/p>\n<p><a href=\"https:\/\/www.nsctotal.com.br\/noticias\/ze-felipe-fala-assume-relacionamento-com-ana-castela-e-se-declara\" target=\"_blank\" rel=\"noreferrer noopener nofollow\"><strong>Z\u00e9 Felipe fala sobre relacionamento com Ana Castela e se declara<\/strong><\/a><\/p>\n","protected":false},"excerpt":{"rendered":"&#8220;Surto&#8221; de cantor foi logo no in\u00edcio da apresenta\u00e7\u00e3o em Buenos Aires (Foto: Redes sociais, Reprodu\u00e7\u00e3o) Um momento&hellip;\n","protected":false},"author":2,"featured_media":121855,"comment_status":"","ping_status":"","sticky":false,"template":"","format":"standard","meta":{"footnotes":""},"categories":[145],"tags":[211,210,829,114,115,32,33],"class_list":{"0":"post-121854","1":"post","2":"type-post","3":"status-publish","4":"format-standard","5":"has-post-thumbnail","7":"category-celebridades","8":"tag-celebridades","9":"tag-celebrities","10":"tag-conteudo-liberado","11":"tag-entertainment","12":"tag-entretenimento","13":"tag-portugal","14":"tag-pt"},"share_on_mastodon":{"url":"https:\/\/pubeurope.com\/@pt\/115418498682034993","error":""},"_links":{"self":[{"href":"https:\/\/www.europesays.com\/pt\/wp-json\/wp\/v2\/posts\/121854","targetHints":{"allow":["GET"]}}],"collection":[{"href":"https:\/\/www.europesays.com\/pt\/wp-json\/wp\/v2\/posts"}],"about":[{"href":"https:\/\/www.europesays.com\/pt\/wp-json\/wp\/v2\/types\/post"}],"author":[{"embeddable":true,"href":"https:\/\/www.europesays.com\/pt\/wp-json\/wp\/v2\/users\/2"}],"replies":[{"embeddable":true,"href":"https:\/\/www.europesays.com\/pt\/wp-json\/wp\/v2\/comments?post=121854"}],"version-history":[{"count":0,"href":"https:\/\/www.europesays.com\/pt\/wp-json\/wp\/v2\/posts\/121854\/revisions"}],"wp:featuredmedia":[{"embeddable":true,"href":"https:\/\/www.europesays.com\/pt\/wp-json\/wp\/v2\/media\/121855"}],"wp:attachment":[{"href":"https:\/\/www.europesays.com\/pt\/wp-json\/wp\/v2\/media?parent=121854"}],"wp:term":[{"taxonomy":"category","embeddable":true,"href":"https:\/\/www.europesays.com\/pt\/wp-json\/wp\/v2\/categories?post=121854"},{"taxonomy":"post_tag","embeddable":true,"href":"https:\/\/www.europesays.com\/pt\/wp-json\/wp\/v2\/tags?post=121854"}],"curies":[{"name":"wp","href":"https:\/\/api.w.org\/{rel}","templated":true}]}}