{"id":121856,"date":"2025-10-22T15:22:10","date_gmt":"2025-10-22T15:22:10","guid":{"rendered":"https:\/\/www.europesays.com\/pt\/121856\/"},"modified":"2025-10-22T15:22:10","modified_gmt":"2025-10-22T15:22:10","slug":"livro-premiado-de-pesquisadora-aborda-nutricao-inclusiva-capes","status":"publish","type":"post","link":"https:\/\/www.europesays.com\/pt\/121856\/","title":{"rendered":"Livro premiado de pesquisadora aborda nutri\u00e7\u00e3o inclusiva \u2014 CAPES"},"content":{"rendered":"<dl style=\"width:468px;\" class=\"image-left captioned caption-center\">\n<dt><a rel=\"lightbox nofollow noopener\" href=\"https:\/\/www.gov.br\/capes\/pt-br\/media\/imagem_dentro\/MATERIABOLSISTAJABUTI_UERJ_ALINEFERREIRA.jpg\" target=\"_blank\"><img loading=\"lazy\" decoding=\"async\" src=\"https:\/\/www.europesays.com\/pt\/wp-content\/uploads\/2025\/10\/19a47190-072c-4ebb-a064-9949f34892c8.jpeg\" alt=\"Imagem: Aline Alves Ferreira (Arquivo pessoal)\" height=\"311\" width=\"468\"\/><\/a><\/dt>\n<dd class=\"image-caption\" style=\"width:468px;\">Imagem: Aline Alves Ferreira (Arquivo pessoal)<\/dd>\n<\/dl>\n<p>Ainda na gradua\u00e7\u00e3o em Nutri\u00e7\u00e3o pela Universidade do Estado do Rio de Janeiro (UERJ), Aline Alves Ferreira teve a primeira aproxima\u00e7\u00e3o com o tema da nutri\u00e7\u00e3o inclusiva, por meio de uma abordagem da sa\u00fade e alimenta\u00e7\u00e3o de povos ind\u00edgenas.\u00a0\u201cIncomodava-me\u00a0a vis\u00e3o homog\u00eanea da popula\u00e7\u00e3o, baseada em f\u00f3rmulas e padr\u00f5es de dieta pouco diversos\u201d, conta. Foi quando percebeu a import\u00e2ncia de olhar para subgrupos populacionais e compreender a necessidade de considerar fatores hist\u00f3ricos, sociais e econ\u00f4micos.\u00a0Fez o mestrado e o doutorado na Funda\u00e7\u00e3o Oswaldo Cruz (Fiocruz), no Rio de Janeiro. Atualmente professora da Universidade Federal do Rio de Janeiro (UFRJ) e ex-bolsista da CAPES\/MEC, ela ganhou o Pr\u00eamio Jabuti Acad\u00eamico de 2025\u00a0pelo\u00a0livro constru\u00eddo a partir de suas pesquisas. Em sua segunda edi\u00e7\u00e3o, a premia\u00e7\u00e3o, entregue em agosto, valoriza a excel\u00eancia da produ\u00e7\u00e3o cient\u00edfica, t\u00e9cnica e profissional nacional. <b\/><\/p>\n<p><b>Sobre o que \u00e9 o seu livro? Explique o conte\u00fado da sua produ\u00e7\u00e3o.<\/b><br \/>O livro \u201cNutri\u00e7\u00e3o Inclusiva\u201d nasce dessa inquieta\u00e7\u00e3o compartilhada entre mim e outras duas colegas, que tamb\u00e9m atuam com diferentes perspectivas na \u00e1rea da sa\u00fade e da nutri\u00e7\u00e3o. A proposta \u00e9 abordar contextos que precisam ser inclu\u00eddos, mas que muitas vezes fingimos n\u00e3o ver. Profissionais de nutri\u00e7\u00e3o raramente aprendem, na gradua\u00e7\u00e3o ou na p\u00f3s-gradua\u00e7\u00e3o, a considerar as especificidades de pessoas em situa\u00e7\u00e3o de rua, com defici\u00eancia ou em outros contextos de desigualdade. Vivemos em um dos pa\u00edses mais desiguais do mundo, e essa realidade precisa ser incorporada \u00e0 pr\u00e1tica profissional.\u00a0Ao longo de muitos anos lecionei\u00a0disciplinas de avalia\u00e7\u00e3o nutricional e trabalhei sempre com temas relacionados\u00a0a\u00a0desigualdades sociais e inseguran\u00e7a alimentar. Busquei discutir como olhar para esses grupos de forma diferenciada e, sobretudo, como inclu\u00ed-los efetivamente nas pr\u00e1ticas profissionais. Incluir \u00e9 mais do que reconhecer: \u00e9 integrar esses grupos \u00e0s pol\u00edticas p\u00fablicas, \u00e0s pesquisas e \u00e0 forma\u00e7\u00e3o em sa\u00fade.<\/p>\n<p><b><br \/>O que vale destacar de mais relevante?<\/b><br \/>O principal destaque do livro \u00e9 seu car\u00e1ter in\u00e9dito. Ele re\u00fane cap\u00edtulos escritos por profissionais de diferentes regi\u00f5es do Brasil, que trazem suas experi\u00eancias pessoais e profissionais em diversas \u00e1reas, discutindo o cuidado nutricional de forma mais inclusiva e voltada a segmentos historicamente invisibilizados. \u00c9 a primeira vez que se re\u00fanem, de maneira ampla, debates sobre esses grupos. O livro n\u00e3o pretende dar todas as respostas, mas abrir caminhos, iluminar discuss\u00f5es e apresentar novas perspectivas.<\/p>\n<p><b>O que representa essa premia\u00e7\u00e3o?<\/b><br \/>O Pr\u00eamio Jabuti representa um reconhecimento muito importante. Receber esse pr\u00eamio logo ap\u00f3s o lan\u00e7amento do livro, que passou por v\u00e1rias etapas de avalia\u00e7\u00e3o, foi muito gratificante. Mostra que o trabalho foi cuidadosamente realizado e que o tema encontrou eco para al\u00e9m do meio acad\u00eamico. Como professora da UFRJ e pesquisadora, acredito que muitas vezes falamos e escrevemos apenas para nossos pares. No entanto, a divulga\u00e7\u00e3o cient\u00edfica deveria alcan\u00e7ar tamb\u00e9m a sociedade em geral, com uma linguagem acess\u00edvel. Esse reconhecimento amplia essa dimens\u00e3o e refor\u00e7a a import\u00e2ncia de\u00a0comunicar a\u00a0ci\u00eancia para todos. Receber o pr\u00eamio foi tamb\u00e9m a valida\u00e7\u00e3o de uma trajet\u00f3ria dif\u00edcil\u00a0\u2014 de mulher, pesquisadora, de origem humilde, uma das primeiras da fam\u00edlia a cursar universidade p\u00fablica e alcan\u00e7ar o doutorado. Fazer pesquisa no Brasil \u00e9 dif\u00edcil e\u00a0custoso, mas o pr\u00eamio simboliza que estou no caminho certo. \u00c9 o reconhecimento de anos de dedica\u00e7\u00e3o e de um trabalho comprometido com a inclus\u00e3o e a equidade na \u00e1rea da nutri\u00e7\u00e3o.<\/p>\n<p><b>Qual a import\u00e2ncia da bolsa da CAPES\/MEC para a sua forma\u00e7\u00e3o acad\u00eamica? <\/b><br \/>A bolsa da CAPES\/MEC foi essencial.\u00a0Durante esse per\u00edodo, acumulei experi\u00eancias n\u00e3o apenas com pesquisa, mas tamb\u00e9m com trabalhos junto a povos ind\u00edgenas e outros grupos invisibilizados na sociedade. Essa aproxima\u00e7\u00e3o sempre me inquietou: a aus\u00eancia de abordagens na \u00e1rea da sa\u00fade, especialmente na nutri\u00e7\u00e3o, sobre contextos de subgrupos marginalizados. Entre eles, destaco a popula\u00e7\u00e3o privada de liberdade, povos e comunidades tradicionais, pessoas LGBTQIA+,\u00a0povos ciganos\u00a0e pessoas em situa\u00e7\u00e3o de rua. Desde ent\u00e3o, trabalho com o tema das desigualdades sociais, alimenta\u00e7\u00e3o e nutri\u00e7\u00e3o, que \u00e9 o eixo central por tr\u00e1s da ideia do livro.<\/p>\n<p>A Coordena\u00e7\u00e3o de Aperfei\u00e7oamento de Pessoal de N\u00edvel Superior (CAPES) \u00e9 um \u00f3rg\u00e3o vinculado ao Minist\u00e9rio da Educa\u00e7\u00e3o (MEC).<br \/>(Bras\u00edlia \u2013 Reda\u00e7\u00e3o CGCOM\/CAPES)<br \/>A reprodu\u00e7\u00e3o das not\u00edcias \u00e9 autorizada desde que contenha a assinatura CGCOM\/CAPES<\/p>\n","protected":false},"excerpt":{"rendered":"Imagem: Aline Alves Ferreira (Arquivo pessoal) Ainda na gradua\u00e7\u00e3o em Nutri\u00e7\u00e3o pela Universidade do Estado do Rio de&hellip;\n","protected":false},"author":2,"featured_media":17218,"comment_status":"","ping_status":"","sticky":false,"template":"","format":"standard","meta":{"footnotes":""},"categories":[143],"tags":[169,114,115,170,32,33],"class_list":{"0":"post-121856","1":"post","2":"type-post","3":"status-publish","4":"format-standard","5":"has-post-thumbnail","7":"category-livros","8":"tag-books","9":"tag-entertainment","10":"tag-entretenimento","11":"tag-livros","12":"tag-portugal","13":"tag-pt"},"share_on_mastodon":{"url":"https:\/\/pubeurope.com\/@pt\/115418506722990130","error":""},"_links":{"self":[{"href":"https:\/\/www.europesays.com\/pt\/wp-json\/wp\/v2\/posts\/121856","targetHints":{"allow":["GET"]}}],"collection":[{"href":"https:\/\/www.europesays.com\/pt\/wp-json\/wp\/v2\/posts"}],"about":[{"href":"https:\/\/www.europesays.com\/pt\/wp-json\/wp\/v2\/types\/post"}],"author":[{"embeddable":true,"href":"https:\/\/www.europesays.com\/pt\/wp-json\/wp\/v2\/users\/2"}],"replies":[{"embeddable":true,"href":"https:\/\/www.europesays.com\/pt\/wp-json\/wp\/v2\/comments?post=121856"}],"version-history":[{"count":0,"href":"https:\/\/www.europesays.com\/pt\/wp-json\/wp\/v2\/posts\/121856\/revisions"}],"wp:featuredmedia":[{"embeddable":true,"href":"https:\/\/www.europesays.com\/pt\/wp-json\/wp\/v2\/media\/17218"}],"wp:attachment":[{"href":"https:\/\/www.europesays.com\/pt\/wp-json\/wp\/v2\/media?parent=121856"}],"wp:term":[{"taxonomy":"category","embeddable":true,"href":"https:\/\/www.europesays.com\/pt\/wp-json\/wp\/v2\/categories?post=121856"},{"taxonomy":"post_tag","embeddable":true,"href":"https:\/\/www.europesays.com\/pt\/wp-json\/wp\/v2\/tags?post=121856"}],"curies":[{"name":"wp","href":"https:\/\/api.w.org\/{rel}","templated":true}]}}