{"id":121860,"date":"2025-10-22T15:26:08","date_gmt":"2025-10-22T15:26:08","guid":{"rendered":"https:\/\/www.europesays.com\/pt\/121860\/"},"modified":"2025-10-22T15:26:08","modified_gmt":"2025-10-22T15:26:08","slug":"benfica-e-vasco-chegam-a-acordo-por-joao-victor","status":"publish","type":"post","link":"https:\/\/www.europesays.com\/pt\/121860\/","title":{"rendered":"Benfica e Vasco chegam a acordo por Jo\u00e3o Victor"},"content":{"rendered":"<p>O Benfica e o Vasco da Gama j\u00e1 chegaram a um acordo para o pagamento da d\u00edvida do clube brasileiro aos encarnados por causa de Jo\u00e3o Victor.<\/p>\n<p>Nos \u00faltimos dias foi noticiado no Brasil que a SAD encarnada avan\u00e7ou para a Justi\u00e7a, reclamando uma verba no total de 4,5 milh\u00f5es de euros referente a duas d\u00edvidas: uma de 3 milh\u00f5es de euros referente \u00e0 transfer\u00eancia do defesa-central para o emblema carioca por \u20ac8M e outra de 1,5 milh\u00f5es de euros relativa a 30 por cento do bolo da venda posterior ao CSKA Moscovo no ver\u00e3o.<\/p>\n<p>Segundo apurou o <strong>Maisfutebol<\/strong>, os n\u00fameros s\u00e3o mais baixos do que os 4,5 milh\u00f5es de euros avan\u00e7ados e a SAD liderada por Rui Costa aguarda que, ap\u00f3s as partes terem chegado a um entendimento, os valores em d\u00edvida sejam transferidos nos pr\u00f3ximos dias.<\/p>\n","protected":false},"excerpt":{"rendered":"O Benfica e o Vasco da Gama j\u00e1 chegaram a um acordo para o pagamento da d\u00edvida do&hellip;\n","protected":false},"author":2,"featured_media":121861,"comment_status":"","ping_status":"","sticky":false,"template":"","format":"standard","meta":{"footnotes":""},"categories":[87],"tags":[51,726,135,11589,46,32,33,47,134,35,28247,10753],"class_list":{"0":"post-121860","1":"post","2":"type-post","3":"status-publish","4":"format-standard","5":"has-post-thumbnail","7":"category-desporto","8":"tag-benfica","9":"tag-brasil","10":"tag-desporto","11":"tag-joao-victor","12":"tag-maisfutebol","13":"tag-portugal","14":"tag-pt","15":"tag-pura-paixao","16":"tag-sports","17":"tag-transferencias","18":"tag-vasco","19":"tag-vasco-da-gama"},"share_on_mastodon":{"url":"https:\/\/pubeurope.com\/@pt\/115418522417358215","error":""},"_links":{"self":[{"href":"https:\/\/www.europesays.com\/pt\/wp-json\/wp\/v2\/posts\/121860","targetHints":{"allow":["GET"]}}],"collection":[{"href":"https:\/\/www.europesays.com\/pt\/wp-json\/wp\/v2\/posts"}],"about":[{"href":"https:\/\/www.europesays.com\/pt\/wp-json\/wp\/v2\/types\/post"}],"author":[{"embeddable":true,"href":"https:\/\/www.europesays.com\/pt\/wp-json\/wp\/v2\/users\/2"}],"replies":[{"embeddable":true,"href":"https:\/\/www.europesays.com\/pt\/wp-json\/wp\/v2\/comments?post=121860"}],"version-history":[{"count":0,"href":"https:\/\/www.europesays.com\/pt\/wp-json\/wp\/v2\/posts\/121860\/revisions"}],"wp:featuredmedia":[{"embeddable":true,"href":"https:\/\/www.europesays.com\/pt\/wp-json\/wp\/v2\/media\/121861"}],"wp:attachment":[{"href":"https:\/\/www.europesays.com\/pt\/wp-json\/wp\/v2\/media?parent=121860"}],"wp:term":[{"taxonomy":"category","embeddable":true,"href":"https:\/\/www.europesays.com\/pt\/wp-json\/wp\/v2\/categories?post=121860"},{"taxonomy":"post_tag","embeddable":true,"href":"https:\/\/www.europesays.com\/pt\/wp-json\/wp\/v2\/tags?post=121860"}],"curies":[{"name":"wp","href":"https:\/\/api.w.org\/{rel}","templated":true}]}}