{"id":121868,"date":"2025-10-22T15:30:23","date_gmt":"2025-10-22T15:30:23","guid":{"rendered":"https:\/\/www.europesays.com\/pt\/121868\/"},"modified":"2025-10-22T15:30:23","modified_gmt":"2025-10-22T15:30:23","slug":"as-big-food-estao-a-cair","status":"publish","type":"post","link":"https:\/\/www.europesays.com\/pt\/121868\/","title":{"rendered":"as &#8220;Big Food&#8221; est\u00e3o a cair"},"content":{"rendered":"<p class=\"wp-caption-text top\"><a href=\"https:\/\/www.flickr.com\/photos\/nestle\/30856232495\/sizes\/l\/\" rel=\"nofollow external noopener noreferrer\" data-wpel-link=\"external\" target=\"_blank\" class=\"ext-link\">Nestl\u00e9 \/ Flickr <\/a><\/p>\n<p><img decoding=\"async\" loading=\"lazy\" class=\"wp-image-596783 size-kopa-image-size-3\" src=\"https:\/\/www.europesays.com\/pt\/wp-content\/uploads\/2025\/10\/7da0f8fa46cd91bc8d785af72cf3bd7c-783x450.jpg\" alt=\"\" width=\"700\" height=\"402\"  \/><\/p>\n<p class=\"wp-caption-text bot\">Sede da Nestl\u00e9 em Vevey, na Su\u00ed\u00e7a<\/p>\n<p><strong>\u201cO mundo evolui, a Nestl\u00e9 tem de se adaptar\u201d. Os h\u00e1bitos de consumo colocam em risco grandes empresas.<\/strong><\/p>\n<p>A <strong>Nestl\u00e9<\/strong> anunciou na semana passada que prev\u00ea<strong> dispensar 16 mil trabalhadores<\/strong> em todo o mundo. A previs\u00e3o \u00e9 que esses despedimentos se concretizem nos pr\u00f3ximos dois anos.<\/p>\n<p>A empresa apresentou os resultados do terceiro trimestre: quedas nas vendas de 1,9%, para 71 mil milh\u00f5es de euros.<\/p>\n<p><strong>\u201cO Mundo evolui e a Nestl\u00e9 tem de se adaptar mais rapidamente\u201d<\/strong>, implicando \u201ctomar decis\u00f5es dif\u00edceis, mas necess\u00e1rias, para reduzir os funcion\u00e1rios\u201d, disse o presidente da multinacional, o austro-su\u00ed\u00e7o Philip Navratil, que assumiu o cargo no in\u00edcio de setembro.<\/p>\n<p>O aglomerado empresarial possui mais de duas mil marcas, incluindo Nescaf\u00e9, Maggi KitKat, entre outras, e viveu um m\u00eas de setembro agitado, com a sa\u00edda do ent\u00e3o diretor-geral, o franc\u00eas Laurent Freixe, e do anterior presidente, o belga Paul Bulcke.<\/p>\n<p>N\u00e3o \u00e9 s\u00f3 a Nestl\u00e9: a tal evolu\u00e7\u00e3o, a mudan\u00e7a dos gostos dos consumidores e dos h\u00e1bitos de consumo, <strong>colocam em risco as \u201cBig Food\u201d<\/strong>, as grandes empresas alimentares.<\/p>\n<p>As <strong>prefer\u00eancias<\/strong> mudam, o modelo do <strong>conglomerado<\/strong> cede e os <strong>medicamentos<\/strong> <strong>para a perda de peso<\/strong> v\u00e3o tomando conta de grandes quotas do mercado, resume o <a href=\"https:\/\/www.axios.com\/2025\/10\/16\/nestle-layoffs-trump-tariffs\" data-wpel-link=\"external\" target=\"_blank\" rel=\"nofollow external noopener noreferrer\" class=\"ext-link\">Axios<\/a>.<\/p>\n<p>Este an\u00fancio da Nestl\u00e9 surge um m\u00eas depois de a <strong>Kraft Heinz<\/strong> ter anunciado planos para se dividir em duas empresas independentes de capital aberto: uma com condimentos e alimentos em caixa (ketchup Heinz, ou queijo Philadelphia), a outra com artigos b\u00e1sicos de mercearia (cachorros-quentes Oscar Mayer, Kraft Singles e Lunchables).<\/p>\n<p>Os<strong> gigantes da alimenta\u00e7\u00e3o est\u00e3o a enfrentar press\u00f5es de diversas for\u00e7as<\/strong>, incluindo o abandono dos consumidores dos alimentos processados; \u200b\u200be a crescente popularidade dos f\u00e1rmacos GLP-1, que t\u00eam revolucionado o tratamento da obesidade.<\/p>\n<p>A n\u00edvel macro, n\u00e3o se esquece a guerra comercial global e os custos vol\u00e1teis das mat\u00e9rias-primas \u2013 a Nestl\u00e9 tem que lidar com o aumento dos pre\u00e7os do cacau.<\/p>\n<p>    <a href=\"https:\/\/zap.aeiou.pt\/subscrever-newsletter\" data-wpel-link=\"internal\" rel=\"nofollow noopener\" target=\"_blank\">&#13;<br \/>\n        <img loading=\"lazy\" decoding=\"async\" class=\"aligncenter size-full wp-image-575475\" src=\"https:\/\/www.europesays.com\/pt\/wp-content\/uploads\/2025\/10\/1759862234_971_2d51fe4a0ba54894421ead1809309ed9-1-450x140.jpg\" alt=\"Subscreva a Newsletter ZAP\" width=\"450\" height=\"140\"\/>&#13;<br \/>\n    <\/a><\/p>\n<p>                <a href=\"https:\/\/whatsapp.com\/channel\/0029VaIC4EE2f3EJZPPSbR34\" data-wpel-link=\"external\" target=\"_blank\" rel=\"nofollow external noopener noreferrer\" class=\"ext-link\">&#13;<br \/>\n                    <img loading=\"lazy\" decoding=\"async\" class=\"aligncenter size-full wp-image-575475\" src=\"https:\/\/www.europesays.com\/pt\/wp-content\/uploads\/2025\/10\/1759862234_512_c68c559d956d4ca20f435ed74a6e71e6.png\" alt=\"Siga-nos no WhatsApp\" width=\"175\" height=\"64\"\/>&#13;<br \/>\n                <\/a><\/p>\n<p>                <a href=\"https:\/\/news.google.com\/publications\/CAAiEHRwZondIV71PDjWNoqMduEqFAgKIhB0cGaJ3SFe9Tw41jaKjHbh?hl=en-US&amp;gl=US&amp;ceid=US%3Aen\" data-wpel-link=\"external\" target=\"_blank\" rel=\"nofollow external noopener noreferrer\" class=\"ext-link\">&#13;<br \/>\n                    <img loading=\"lazy\" decoding=\"async\" class=\"aligncenter size-full wp-image-575475\" src=\"https:\/\/www.europesays.com\/pt\/wp-content\/uploads\/2025\/10\/1759862235_242_5123dd8b087b644fdb8f8603acd1bad4.png\" alt=\"Siga-nos no Google News\" width=\"176\" height=\"64\"\/>&#13;<br \/>\n                <\/a><\/p>\n","protected":false},"excerpt":{"rendered":"Nestl\u00e9 \/ Flickr Sede da Nestl\u00e9 em Vevey, na Su\u00ed\u00e7a \u201cO mundo evolui, a Nestl\u00e9 tem de se&hellip;\n","protected":false},"author":2,"featured_media":121869,"comment_status":"","ping_status":"","sticky":false,"template":"","format":"standard","meta":{"footnotes":""},"categories":[83],"tags":[88,476,89,90,8490,32,33],"class_list":{"0":"post-121868","1":"post","2":"type-post","3":"status-publish","4":"format-standard","5":"has-post-thumbnail","7":"category-empresas","8":"tag-business","9":"tag-economia","10":"tag-economy","11":"tag-empresas","12":"tag-nestle","13":"tag-portugal","14":"tag-pt"},"share_on_mastodon":{"url":"https:\/\/pubeurope.com\/@pt\/115418538174764818","error":""},"_links":{"self":[{"href":"https:\/\/www.europesays.com\/pt\/wp-json\/wp\/v2\/posts\/121868","targetHints":{"allow":["GET"]}}],"collection":[{"href":"https:\/\/www.europesays.com\/pt\/wp-json\/wp\/v2\/posts"}],"about":[{"href":"https:\/\/www.europesays.com\/pt\/wp-json\/wp\/v2\/types\/post"}],"author":[{"embeddable":true,"href":"https:\/\/www.europesays.com\/pt\/wp-json\/wp\/v2\/users\/2"}],"replies":[{"embeddable":true,"href":"https:\/\/www.europesays.com\/pt\/wp-json\/wp\/v2\/comments?post=121868"}],"version-history":[{"count":0,"href":"https:\/\/www.europesays.com\/pt\/wp-json\/wp\/v2\/posts\/121868\/revisions"}],"wp:featuredmedia":[{"embeddable":true,"href":"https:\/\/www.europesays.com\/pt\/wp-json\/wp\/v2\/media\/121869"}],"wp:attachment":[{"href":"https:\/\/www.europesays.com\/pt\/wp-json\/wp\/v2\/media?parent=121868"}],"wp:term":[{"taxonomy":"category","embeddable":true,"href":"https:\/\/www.europesays.com\/pt\/wp-json\/wp\/v2\/categories?post=121868"},{"taxonomy":"post_tag","embeddable":true,"href":"https:\/\/www.europesays.com\/pt\/wp-json\/wp\/v2\/tags?post=121868"}],"curies":[{"name":"wp","href":"https:\/\/api.w.org\/{rel}","templated":true}]}}