{"id":121873,"date":"2025-10-22T15:34:12","date_gmt":"2025-10-22T15:34:12","guid":{"rendered":"https:\/\/www.europesays.com\/pt\/121873\/"},"modified":"2025-10-22T15:34:12","modified_gmt":"2025-10-22T15:34:12","slug":"tata-estanieck-fala-sobre-divorcio-de-julio-cocielo-pela-1a-vez","status":"publish","type":"post","link":"https:\/\/www.europesays.com\/pt\/121873\/","title":{"rendered":"Tat\u00e1 Estanieck fala sobre div\u00f3rcio de J\u00falio Cocielo pela 1\u00aa vez"},"content":{"rendered":"<p>\n\t\t\t\tTat\u00e1 Estanieck fala sobre div\u00f3rcio de J\u00falio Cocielo pela 1\u00aa vez; veja o que ela disse<br \/>\n\t\t\t\tTat\u00e1 Estanieck fala sobre div\u00f3rcio de J\u00falio Cocielo pela 1\u00aa vez; veja o que ela disse<br \/>\n\t\t\t\tTat\u00e1 Estanieck fala sobre div\u00f3rcio de J\u00falio Cocielo pela 1\u00aa vez; veja o que ela disse<br \/>\n\t\t\t\tTat\u00e1 Estanieck fala sobre div\u00f3rcio de J\u00falio Cocielo pela 1\u00aa vez; veja o que ela disse\n\t\t\t<\/p>\n<p>\t\t\t1.0x\t\t<\/p>\n","protected":false},"excerpt":{"rendered":"Tat\u00e1 Estanieck fala sobre div\u00f3rcio de J\u00falio Cocielo pela 1\u00aa vez; veja o que ela disse Tat\u00e1 Estanieck&hellip;\n","protected":false},"author":2,"featured_media":121874,"comment_status":"","ping_status":"","sticky":false,"template":"","format":"standard","meta":{"footnotes":""},"categories":[145],"tags":[1435,211,210,1979,114,115,28249,32,33],"class_list":{"0":"post-121873","1":"post","2":"type-post","3":"status-publish","4":"format-standard","5":"has-post-thumbnail","7":"category-celebridades","8":"tag-casamento","9":"tag-celebridades","10":"tag-celebrities","11":"tag-divorcio","12":"tag-entertainment","13":"tag-entretenimento","14":"tag-influencers","15":"tag-portugal","16":"tag-pt"},"share_on_mastodon":{"url":"https:\/\/pubeurope.com\/@pt\/115418553543347730","error":""},"_links":{"self":[{"href":"https:\/\/www.europesays.com\/pt\/wp-json\/wp\/v2\/posts\/121873","targetHints":{"allow":["GET"]}}],"collection":[{"href":"https:\/\/www.europesays.com\/pt\/wp-json\/wp\/v2\/posts"}],"about":[{"href":"https:\/\/www.europesays.com\/pt\/wp-json\/wp\/v2\/types\/post"}],"author":[{"embeddable":true,"href":"https:\/\/www.europesays.com\/pt\/wp-json\/wp\/v2\/users\/2"}],"replies":[{"embeddable":true,"href":"https:\/\/www.europesays.com\/pt\/wp-json\/wp\/v2\/comments?post=121873"}],"version-history":[{"count":0,"href":"https:\/\/www.europesays.com\/pt\/wp-json\/wp\/v2\/posts\/121873\/revisions"}],"wp:featuredmedia":[{"embeddable":true,"href":"https:\/\/www.europesays.com\/pt\/wp-json\/wp\/v2\/media\/121874"}],"wp:attachment":[{"href":"https:\/\/www.europesays.com\/pt\/wp-json\/wp\/v2\/media?parent=121873"}],"wp:term":[{"taxonomy":"category","embeddable":true,"href":"https:\/\/www.europesays.com\/pt\/wp-json\/wp\/v2\/categories?post=121873"},{"taxonomy":"post_tag","embeddable":true,"href":"https:\/\/www.europesays.com\/pt\/wp-json\/wp\/v2\/tags?post=121873"}],"curies":[{"name":"wp","href":"https:\/\/api.w.org\/{rel}","templated":true}]}}