{"id":121890,"date":"2025-10-22T15:46:21","date_gmt":"2025-10-22T15:46:21","guid":{"rendered":"https:\/\/www.europesays.com\/pt\/121890\/"},"modified":"2025-10-22T15:46:21","modified_gmt":"2025-10-22T15:46:21","slug":"socrates-teve-de-pagar-mais-de-40-mil-euros-em-irs-e-ligou-boquiaberto-a-gestora-de-conta-acho-que-realmente-o-estado-nos-rouba","status":"publish","type":"post","link":"https:\/\/www.europesays.com\/pt\/121890\/","title":{"rendered":"S\u00f3crates teve de pagar mais de 40 mil euros em IRS e ligou &#8220;boquiaberto&#8221; \u00e0 gestora de conta: \u201cAcho que realmente o Estado nos rouba\u201d"},"content":{"rendered":"<p>\t                Na sess\u00e3o desta ter\u00e7a-feira do julgamento da Opera\u00e7\u00e3o Marqu\u00eas, a gestora de conta do antigo primeiro-ministro contou ao tribunal como tinha de explicar a S\u00f3crates quanto dinheiro tinha dispon\u00edvel para fazer face \u00e0s suas despesas<\/p>\n<p style=\"text-align:justify; margin-bottom:11px\">O julgamento do processo Marqu\u00eas continuou esta ter\u00e7a-feira com a audi\u00e7\u00e3o da antiga gestora de conta de Jos\u00e9 S\u00f3crates na Caixa-Geral de Dep\u00f3sitos. Dina Alexandre, que foi quem supervisionou os movimentos banc\u00e1rios do antigo primeiro-ministro at\u00e9 \u00e0 sua deten\u00e7\u00e3o em 2014, tinha um contacto frequente com Jos\u00e9 S\u00f3crates que, recorrentemente, pedia \u00e0 testemunha que lhe dissesse quanto dinheiro tinha na sua conta, j\u00e1 que o ex-governante se recusava a usar as diversas plataformas de homebanking.\u00a0<\/p>\n<p>\u201cContinuo a achar mais humano telefonar-lhe a si\u201d, sublinhava S\u00f3crates numa das v\u00e1rias escutas ouvidas na sess\u00e3o e nas quais \u00e9 ouvido a antecipar \u201cpr\u00e9mios\u201d e a protestar contra despesas das quais n\u00e3o esperava. \u00c9 o caso de uma conversa intercetada em setembro de 2014 em que \u00e9 poss\u00edvel ouvir Jos\u00e9 S\u00f3crates a pedir a Dina Alexandre concelhos para resolver a d\u00edvida inesperada de cerca de 40 mil euros de IRS. \u201cFiquei um bocado boquiaberto\u201d.\u00a0\u201crealmente, agora j\u00e1 come\u00e7o a passar-me para o outro lado, acho que realmente o Estado nos rouba de uma forma absolutamente impressionante\u201d, diz-lhe.\u00a0<\/p>\n<p>Em resposta, Dina Alexandre revelou ao antigo primeiro-ministro que, na sua conta, apenas tinha dispon\u00edvel para movimenta\u00e7\u00e3o 31 mil euros, oriundos de duas empresas que o ex-primeiro-ministro prestava servi\u00e7os: a Dynamic Pharma e a Octopharma. Ouve-se S\u00f3crates novamente: \u201cEu vou precisar\u2026 queria saber, falei com a minha m\u00e3e, quanto \u00e9 que a minha m\u00e3e tem a\u00ed a prazo? \u201cQuatro mil euros\u201d, responde a gestora de conta. \u201cA minha m\u00e3e j\u00e1 n\u00e3o tem dinheiro suficiente, ent\u00e3o vou precisar de um novo empr\u00e9stimo\u201d.<\/p>\n<p>Durante o inqu\u00e9rito da testemunha, uma quest\u00e3o que o procurador R\u00f3mulo Mateus\u00a0mais vincou esteve relacionada com o n\u00edvel de acesso do ex-primeiro-ministro \u00e0s contas banc\u00e1rias da m\u00e3e. \u201cMuitas vezes perguntava e fazia refer\u00eancia\u201d \u00e0s contas da m\u00e3e, chega a comentar a gestora de conta, salientando que o principal arguido da Opera\u00e7\u00e3o Marqu\u00eas \u201cn\u00e3o dava instru\u00e7\u00f5es diretas\u201d.<\/p>\n<p>Nessa altura, em 2014, S\u00f3crates recebia cerca de 25 mil euros em aven\u00e7as mensais pagas pelo grupo da farmac\u00eautica Octopharma, detida na altura por Paulo Lalanda e Castro. No entanto, esse valor n\u00e3o era suficiente para fazer face \u00e0s despesas de S\u00f3crates, nomeadamente as relacionadas com a sua instala\u00e7\u00e3o em Paris. No interrogat\u00f3rio, Dina Alexandre explicou que, por vezes, os valores na conta do antigo primeiro-ministro n\u00e3o chegavam para fazer face \u00e0s despesas \u201cfixas\u201d que ascendiam, na \u00e9poca, a cerca de 15 mil euros.\u00a0<\/p>\n<p>\u201cEstamos a falar sempre \u00e0 volta de 15 mil euros\u201d, era escutada a funcion\u00e1ria do banco a explicar a Jos\u00e9 S\u00f3crates que se mostrou espantado com as despesas que tinha, referindo-se ao valor das presta\u00e7\u00f5es, ao leasing do Mercedes, \u00e0 renda e \u00e0 sua transfer\u00eancia para Paris. \u201cA ganhar tanto dinheiro estou com umas despesas absolutamente exageradas\u201d, confessava o arguido. \u201cPor vezes, fazia uma sistematiza\u00e7\u00e3o das despesas, para ele perceber que dali n\u00e3o passava\u201d, contou a gerente de conta em tribunal.<\/p>\n<p>A solu\u00e7\u00e3o encontrada na maior parte das vezes por S\u00f3crates foi a de pedir tr\u00eas empr\u00e9stimos sucessivos, que ascenderam a um total de mais de 140 mil euros e que tinham um prazo entre um ano e dois anos. S\u00f3crates, contou Dina Alexandre, n\u00e3o tinha dificuldade em abater as presta\u00e7\u00f5es e os empr\u00e9stimos foram \u201cliquidados a alta velocidade com aquilo que ca\u00eda na conta\u201d. A \u00faltima presta\u00e7\u00e3o ter\u00e1 acontecido j\u00e1 depois de S\u00f3crates ter sido detido no aeroporto \u00e0 chegada de Paris e teve origem em fundos obtidos \u201ccom a venda da pr\u00f3pria casa\u201d, contou a gestora.\u00a0<\/p>\n<p>J\u00e1 o procurador insistiu com a testemunha para tentar corroborar a tese de que S\u00f3crates tinha &#8220;uma perce\u00e7\u00e3o pouco clara&#8221; daquilo que tinha e de quanto gastava por ter, segundo a acusa\u00e7\u00e3o, acesso a v\u00e1rios milh\u00f5es de euros pagos em luvas por alegadamente favorecer Ricardo Salgado e o Grupo Lena, entre outras empresas. Mas Dina Alexandre respondeu apenas que ele a questionava quanto era o saldo, e de vez em quando perguntava-me: \u2018s\u00f3 tenho isto? E eu tinha de lhe explicar\u201d. Acrescentou tamb\u00e9m que S\u00f3crates n\u00e3o tinha um &#8220;padr\u00e3o fixo&#8221; e que agia &#8220;em fun\u00e7\u00e3o do que gastava&#8221;.<\/p>\n<p>Para a sess\u00e3o da tarde estava prevista a audi\u00e7\u00e3o da testemunha, C\u00e9lia Tavares, uma das mulheres que ter\u00e1 entregado envelopes com dinheiro a S\u00f3crates em Paris, mas a mesma n\u00e3o compareceu, sendo que o tribunal n\u00e3o recebeu o aviso de rece\u00e7\u00e3o da sua notifica\u00e7\u00e3o.<\/p>\n<p>S\u00f3crates, tamb\u00e9m ele, continua ausente das sess\u00f5es depois de ter pedido um tempo para descansar e autoriza\u00e7\u00e3o para se deslocar ao Brasil, onde est\u00e1 a tirar um doutoramento.<\/p>\n","protected":false},"excerpt":{"rendered":"Na sess\u00e3o desta ter\u00e7a-feira do julgamento da Opera\u00e7\u00e3o Marqu\u00eas, a gestora de conta do antigo primeiro-ministro contou ao&hellip;\n","protected":false},"author":2,"featured_media":121891,"comment_status":"","ping_status":"","sticky":false,"template":"","format":"standard","meta":{"footnotes":""},"categories":[10],"tags":[609,836,611,27,28,607,608,333,832,604,135,610,476,28251,15,16,301,830,14,4306,16189,5607,603,25,26,570,21,22,831,833,62,834,12,13,19,20,835,602,52,32,23,24,28252,33,17,18,299,29,30,31],"class_list":{"0":"post-121890","1":"post","2":"type-post","3":"status-publish","4":"format-standard","5":"has-post-thumbnail","7":"category-portugal","8":"tag-alerta","9":"tag-analise","10":"tag-ao-minuto","11":"tag-breaking-news","12":"tag-breakingnews","13":"tag-cnn","14":"tag-cnn-portugal","15":"tag-comentadores","16":"tag-costa","17":"tag-crime","18":"tag-desporto","19":"tag-direto","20":"tag-economia","21":"tag-escutas","22":"tag-featured-news","23":"tag-featurednews","24":"tag-governo","25":"tag-guerra","26":"tag-headlines","27":"tag-irs","28":"tag-jose-socrates","29":"tag-julgamento","30":"tag-justica","31":"tag-latest-news","32":"tag-latestnews","33":"tag-live","34":"tag-main-news","35":"tag-mainnews","36":"tag-mais-vistas","37":"tag-marcelo","38":"tag-mundo","39":"tag-negocios","40":"tag-news","41":"tag-noticias","42":"tag-noticias-principais","43":"tag-noticiasprincipais","44":"tag-opiniao","45":"tag-pais","46":"tag-politica","47":"tag-portugal","48":"tag-principais-noticias","49":"tag-principaisnoticias","50":"tag-processo-marques","51":"tag-pt","52":"tag-top-stories","53":"tag-topstories","54":"tag-tribunal","55":"tag-ultimas","56":"tag-ultimas-noticias","57":"tag-ultimasnoticias"},"share_on_mastodon":{"url":"","error":"Validation failed: Text character limit of 500 exceeded"},"_links":{"self":[{"href":"https:\/\/www.europesays.com\/pt\/wp-json\/wp\/v2\/posts\/121890","targetHints":{"allow":["GET"]}}],"collection":[{"href":"https:\/\/www.europesays.com\/pt\/wp-json\/wp\/v2\/posts"}],"about":[{"href":"https:\/\/www.europesays.com\/pt\/wp-json\/wp\/v2\/types\/post"}],"author":[{"embeddable":true,"href":"https:\/\/www.europesays.com\/pt\/wp-json\/wp\/v2\/users\/2"}],"replies":[{"embeddable":true,"href":"https:\/\/www.europesays.com\/pt\/wp-json\/wp\/v2\/comments?post=121890"}],"version-history":[{"count":0,"href":"https:\/\/www.europesays.com\/pt\/wp-json\/wp\/v2\/posts\/121890\/revisions"}],"wp:featuredmedia":[{"embeddable":true,"href":"https:\/\/www.europesays.com\/pt\/wp-json\/wp\/v2\/media\/121891"}],"wp:attachment":[{"href":"https:\/\/www.europesays.com\/pt\/wp-json\/wp\/v2\/media?parent=121890"}],"wp:term":[{"taxonomy":"category","embeddable":true,"href":"https:\/\/www.europesays.com\/pt\/wp-json\/wp\/v2\/categories?post=121890"},{"taxonomy":"post_tag","embeddable":true,"href":"https:\/\/www.europesays.com\/pt\/wp-json\/wp\/v2\/tags?post=121890"}],"curies":[{"name":"wp","href":"https:\/\/api.w.org\/{rel}","templated":true}]}}