{"id":121892,"date":"2025-10-22T15:48:05","date_gmt":"2025-10-22T15:48:05","guid":{"rendered":"https:\/\/www.europesays.com\/pt\/121892\/"},"modified":"2025-10-22T15:48:05","modified_gmt":"2025-10-22T15:48:05","slug":"wanessa-camargo-anuncia-que-vai-dividir-o-mesmo-teto-com-nicole-bahls","status":"publish","type":"post","link":"https:\/\/www.europesays.com\/pt\/121892\/","title":{"rendered":"Wanessa Camargo anuncia que vai dividir o mesmo teto com Nicole Bahls"},"content":{"rendered":"<p>\n                        As amigas, que se aproximaram no quadro &#8216;Dan\u00e7a dos Famosos&#8217;, v\u00e3o dividir a casa durante os ensaios do novo DVD da cantora\n                    <\/p>\n<p class=\"text\"><a href=\"https:\/\/www.terra.com.br\/tudo-sobre\/wanessa-camargo\" target=\"_self\" rel=\"nofollow noopener\">Wanessa Camargo<\/a> surpreendeu os seguidores ao revelar que vai morar, ainda que por alguns dias, com <b>Nicole Bahls<\/b>. A cantora contou que ficar\u00e1 hospedada na casa da influenciadora durante os ensaios de seu novo DVD, dispensando a estadia em hotel. O convite partiu da pr\u00f3pria amiga, que fez quest\u00e3o de receb\u00ea-la em sua casa.<\/p>\n<p><img loading=\"lazy\" decoding=\"async\" alt=\"Wanessa Camargo ficar\u00e1 'hospedada' na casa de Nicole Bahls\" class=\"img-cf7d31526d0d62efa535f5f3a2733f16l2kka0pj\" height=\"521\" src=\"https:\/\/www.europesays.com\/pt\/wp-content\/uploads\/2025\/10\/1501100599-mmwdh3nd5jemnfzwh7cz36h2pe.jpg\"  title=\"Wanessa Camargo ficar\u00e1 'hospedada' na casa de Nicole Bahls\" width=\"774\"\/><\/p>\n<p>Wanessa Camargo ficar\u00e1 &#8216;hospedada&#8217; na casa de Nicole Bahls<\/p>\n<p>Foto: @domingao\/@wanessa via Instagram \/ Estad\u00e3o<\/p>\n<p class=\"text\">Nos stories de se perfil no Instagram, Wanessa explicou que a decis\u00e3o aconteceu de \u00faltima hora. &#8220;Eu estava indo pra um hotel pra ficar nos ensaios, a\u00ed a amiguinha ligou e adivinha? A gente vai morar junto quatro dias&#8221;, contou.<\/p>\n<p class=\"text\">Animada com a nova &#8220;h\u00f3spede&#8221;, Nicole reagiu com entusiasmo \u00e0 novidade. &#8220;N\u00e3o, de jeito nenhum, vamos morar juntas. A gente vai brincar de casinha&#8221;, brincou. A cantora respondeu entrando na onda da amiga, dizendo que v\u00e3o at\u00e9 dividir a mesma cama.<\/p>\n<p class=\"text\">Nesta ter\u00e7a-feira, 21, ainda no Rio de Janeiro, elas foram juntas ao projeto musical de Manu Bahtid\u00e3o, o Resenh\u00e3o da Bahtid\u00e3o. Na ocasi\u00e3o, Wanessa fez uma participa\u00e7\u00e3o especial com a cantora no palco. &#8220;Curtimos muito, foi tudo&#8221;, contou Nicole.<\/p>\n","protected":false},"excerpt":{"rendered":"As amigas, que se aproximaram no quadro &#8216;Dan\u00e7a dos Famosos&#8217;, v\u00e3o dividir a casa durante os ensaios do&hellip;\n","protected":false},"author":2,"featured_media":121893,"comment_status":"","ping_status":"","sticky":false,"template":"","format":"standard","meta":{"footnotes":""},"categories":[145],"tags":[211,210,114,115,8416,32,33,4981],"class_list":{"0":"post-121892","1":"post","2":"type-post","3":"status-publish","4":"format-standard","5":"has-post-thumbnail","7":"category-celebridades","8":"tag-celebridades","9":"tag-celebrities","10":"tag-entertainment","11":"tag-entretenimento","12":"tag-nicole-bahls","13":"tag-portugal","14":"tag-pt","15":"tag-wanessa-camargo"},"share_on_mastodon":{"url":"https:\/\/pubeurope.com\/@pt\/115418608760734253","error":""},"_links":{"self":[{"href":"https:\/\/www.europesays.com\/pt\/wp-json\/wp\/v2\/posts\/121892","targetHints":{"allow":["GET"]}}],"collection":[{"href":"https:\/\/www.europesays.com\/pt\/wp-json\/wp\/v2\/posts"}],"about":[{"href":"https:\/\/www.europesays.com\/pt\/wp-json\/wp\/v2\/types\/post"}],"author":[{"embeddable":true,"href":"https:\/\/www.europesays.com\/pt\/wp-json\/wp\/v2\/users\/2"}],"replies":[{"embeddable":true,"href":"https:\/\/www.europesays.com\/pt\/wp-json\/wp\/v2\/comments?post=121892"}],"version-history":[{"count":0,"href":"https:\/\/www.europesays.com\/pt\/wp-json\/wp\/v2\/posts\/121892\/revisions"}],"wp:featuredmedia":[{"embeddable":true,"href":"https:\/\/www.europesays.com\/pt\/wp-json\/wp\/v2\/media\/121893"}],"wp:attachment":[{"href":"https:\/\/www.europesays.com\/pt\/wp-json\/wp\/v2\/media?parent=121892"}],"wp:term":[{"taxonomy":"category","embeddable":true,"href":"https:\/\/www.europesays.com\/pt\/wp-json\/wp\/v2\/categories?post=121892"},{"taxonomy":"post_tag","embeddable":true,"href":"https:\/\/www.europesays.com\/pt\/wp-json\/wp\/v2\/tags?post=121892"}],"curies":[{"name":"wp","href":"https:\/\/api.w.org\/{rel}","templated":true}]}}