{"id":121894,"date":"2025-10-22T15:50:08","date_gmt":"2025-10-22T15:50:08","guid":{"rendered":"https:\/\/www.europesays.com\/pt\/121894\/"},"modified":"2025-10-22T15:50:08","modified_gmt":"2025-10-22T15:50:08","slug":"livro-conta-a-historia-da-assembleia-legislativa-da-paraiba-a-uniao","status":"publish","type":"post","link":"https:\/\/www.europesays.com\/pt\/121894\/","title":{"rendered":"Livro conta a hist\u00f3ria da Assembleia Legislativa da Para\u00edba \u2014 A Uni\u00e3o"},"content":{"rendered":"<p class=\"0-Textos\" style=\"text-align: justify; \">A hist\u00f3ria do poder legislador na Para\u00edba tem agora uma obra de f\u00f4lego. Foi lan\u00e7ado na noite de ontem, no Centro Cultural S\u00e3o Francisco, em Jo\u00e3o Pessoa, o livro \u201cAssembleia Legislativa da Para\u00edba \u2014 190 anos de hist\u00f3ria\u201d, que narra a trajet\u00f3ria desde a sua funda\u00e7\u00e3o, em 1835, quando, por decreto do imperador Dom Pedro II, foi criado o chamado Conselho da Prov\u00edncia.<\/p>\n<p class=\"0-Textos\" style=\"text-align: justify; \">A obra, que conta com 503 p\u00e1ginas, tem autoria de dois historiadores, Celso Mariz e Deusdedit Leit\u00e3o, e do desembargador Marcos Cavalcanti de Albuquerque. O vasto trabalho de pesquisa iniciou-se com Celso Mariz e com Deusdedit, que j\u00e1 morreram, e foi completado por Marcos Cavalcanti, que esteve presente no lan\u00e7amento.<\/p>\n<p class=\"0-Textos\" style=\"text-align: justify; \">O desembargador falou da alegria de ter continuado as pesquisas dos seus parceiros de obra e exaltou o trabalho realizado a v\u00e1rias m\u00e3os e cabe\u00e7as para contribuir com a preserva\u00e7\u00e3o da mem\u00f3ria da pol\u00edtica paraibana e tamb\u00e9m da hist\u00f3ria do seu povo e dos seus representantes.<\/p>\n<p class=\"0-Textos\" style=\"text-align: justify; \">\u201cEu j\u00e1 tinha escrito um livro sobre a hist\u00f3ria do Poder Executivo, ent\u00e3o me veio a ideia e a vontade de tamb\u00e9m lan\u00e7ar uma obra acerca do Poder Legislativo, que representa todo o povo, toda a sociedade paraibana. Vi que j\u00e1 havia pesquisas sobre o tema, mas que n\u00e3o haviam terminado o trabalho. Ent\u00e3o dei sequ\u00eancia a esse resgate e agora temos uma obra sobre toda a hist\u00f3ria da Assembleia Legislativa\u201d, comentou Marcos.<\/p>\n<p class=\"0-Textos\" style=\"text-align: justify; \">O livro passeia por momentos importantes do poder legislador em v\u00e1rios momentos distintos do pa\u00eds. Desde a cria\u00e7\u00e3o da Casa, em 1835, ainda como legado do imp\u00e9rio, passando por momentos importantes da Rep\u00fablica e dos momentos de redemocratiza\u00e7\u00e3o, em 1945 e 1989. Sem esquecer os momentos em que a Assembleia Legislativa esteve inativa por determina\u00e7\u00e3o do poder central brasileiro.<\/p>\n<p class=\"0-Textos\" style=\"text-align: justify; \">O presidente da Assembleia Legislativa da Para\u00edba (ALPB), Adriano Galdino (Republicanos) tamb\u00e9m marcou presen\u00e7a no evento de lan\u00e7amento do livro. O parlamentar elogiou o trabalho, agradeceu e disse ser uma homenagem a todo o povo paraibano.<\/p>\n<p class=\"0-Textos\" style=\"text-align: justify; \">\u201c\u00c9 \u00f3timo testemunhar que historiadores paraibanos fizeram quest\u00e3o de contar a nossa hist\u00f3ria para, cada vez mais, mostrar para o Brasil e para o mundo o protagonismo do Poder Legislativo. Isso \u00e9 muito importante, porque, afinal de contas, o nosso poder \u00e9 o que representa diretamente o povo\u201d, avaliou o parlamentar.<\/p>\n<p style=\"text-align: justify; \">Celso Mariz e Deusdedit Leit\u00e3o fizeram pesquisas sobre o tema at\u00e9 o ano de 1987. J\u00e1 Marcos Cavalcanti deu conta dos \u00faltimos 38 anos da atividade da Casa legislativa. Dentre v\u00e1rios relatos, a obra traz tamb\u00e9m todos os integrantes de todas as legislaturas da ALPB, desde a funda\u00e7\u00e3o at\u00e9 a atual.<\/p>\n<p style=\"text-align: justify; \"><strong>*Mat\u00e9ria publicada originalmente na edi\u00e7\u00e3o impressa do dia 22 de Outubro de 2025.<\/strong><\/p>\n","protected":false},"excerpt":{"rendered":"A hist\u00f3ria do poder legislador na Para\u00edba tem agora uma obra de f\u00f4lego. Foi lan\u00e7ado na noite de&hellip;\n","protected":false},"author":2,"featured_media":121895,"comment_status":"","ping_status":"","sticky":false,"template":"","format":"standard","meta":{"footnotes":""},"categories":[143],"tags":[169,114,115,170,32,33],"class_list":{"0":"post-121894","1":"post","2":"type-post","3":"status-publish","4":"format-standard","5":"has-post-thumbnail","7":"category-livros","8":"tag-books","9":"tag-entertainment","10":"tag-entretenimento","11":"tag-livros","12":"tag-portugal","13":"tag-pt"},"share_on_mastodon":{"url":"https:\/\/pubeurope.com\/@pt\/115418616552066615","error":""},"_links":{"self":[{"href":"https:\/\/www.europesays.com\/pt\/wp-json\/wp\/v2\/posts\/121894","targetHints":{"allow":["GET"]}}],"collection":[{"href":"https:\/\/www.europesays.com\/pt\/wp-json\/wp\/v2\/posts"}],"about":[{"href":"https:\/\/www.europesays.com\/pt\/wp-json\/wp\/v2\/types\/post"}],"author":[{"embeddable":true,"href":"https:\/\/www.europesays.com\/pt\/wp-json\/wp\/v2\/users\/2"}],"replies":[{"embeddable":true,"href":"https:\/\/www.europesays.com\/pt\/wp-json\/wp\/v2\/comments?post=121894"}],"version-history":[{"count":0,"href":"https:\/\/www.europesays.com\/pt\/wp-json\/wp\/v2\/posts\/121894\/revisions"}],"wp:featuredmedia":[{"embeddable":true,"href":"https:\/\/www.europesays.com\/pt\/wp-json\/wp\/v2\/media\/121895"}],"wp:attachment":[{"href":"https:\/\/www.europesays.com\/pt\/wp-json\/wp\/v2\/media?parent=121894"}],"wp:term":[{"taxonomy":"category","embeddable":true,"href":"https:\/\/www.europesays.com\/pt\/wp-json\/wp\/v2\/categories?post=121894"},{"taxonomy":"post_tag","embeddable":true,"href":"https:\/\/www.europesays.com\/pt\/wp-json\/wp\/v2\/tags?post=121894"}],"curies":[{"name":"wp","href":"https:\/\/api.w.org\/{rel}","templated":true}]}}