{"id":121912,"date":"2025-10-22T16:00:28","date_gmt":"2025-10-22T16:00:28","guid":{"rendered":"https:\/\/www.europesays.com\/pt\/121912\/"},"modified":"2025-10-22T16:00:28","modified_gmt":"2025-10-22T16:00:28","slug":"ligacao-espanhola-entre-braganca-e-miranda-converteu-se-em-estrada-da-morte","status":"publish","type":"post","link":"https:\/\/www.europesays.com\/pt\/121912\/","title":{"rendered":"Liga\u00e7\u00e3o espanhola entre Bragan\u00e7a e Miranda converteu-se em &#8220;estrada da morte&#8221;"},"content":{"rendered":"<p>As contas s\u00e3o do jornal &#8220;La Opini\u00f3n&#8221;, de Zamora, indicando que os acidentes de via\u00e7\u00e3o nesta estrada s\u00e3o a principal causa de morte n\u00e3o natural nas zonas de Aliste e raia transmontana. A \u00faltima v\u00edtima mortal foi uma jovem portuguesa de 19 anos, natural de Miranda do Douro, que no passado s\u00e1bado viajava de Bragan\u00e7a para a terra natal, falecendo no cruzamento de Moveros.<\/p>\n<p data-remotead-prev-elm=\"true\" data-remotead-elm-id=\"inread\">A N-122 \u00e9 usada diariamente para desloca\u00e7\u00f5es entre Miranda do Douro e Bragan\u00e7a, e outros destinos, uma vez que faz a liga\u00e7\u00e3o \u00e0 autoestrada Transmontana (A4), sendo tamb\u00e9m a utilizada pelos Bombeiros de Miranda do Douro para o transporte de doentes, por se tratar de uma alternativa mais r\u00e1pida \u00e0 EN218, via Vimioso.<\/p>\n<p>Acesso exclusivo a assinantes<\/p>\n<p>Acesso ilimitado a conte\u00fados exclusivos<\/p>\n<p>Navega\u00e7\u00e3o sem publicidade intrusiva<\/p>\n<p>Vers\u00e3o digital do jornal, suplementos e revistas<\/p>\n","protected":false},"excerpt":{"rendered":"As contas s\u00e3o do jornal &#8220;La Opini\u00f3n&#8221;, de Zamora, indicando que os acidentes de via\u00e7\u00e3o nesta estrada s\u00e3o&hellip;\n","protected":false},"author":2,"featured_media":121913,"comment_status":"","ping_status":"","sticky":false,"template":"","format":"standard","meta":{"footnotes":""},"categories":[10],"tags":[1455,27,28,23295,22574,15,16,14,25,26,21,22,28254,28255,12,13,19,20,32,23,24,33,13144,17,18,29,30,31],"class_list":{"0":"post-121912","1":"post","2":"type-post","3":"status-publish","4":"format-standard","5":"has-post-thumbnail","7":"category-portugal","8":"tag-acidentes","9":"tag-breaking-news","10":"tag-breakingnews","11":"tag-concelho-braganca","12":"tag-estrada-da-morte","13":"tag-featured-news","14":"tag-featurednews","15":"tag-headlines","16":"tag-latest-news","17":"tag-latestnews","18":"tag-main-news","19":"tag-mainnews","20":"tag-miranda-do-douro","21":"tag-n-122","22":"tag-news","23":"tag-noticias","24":"tag-noticias-principais","25":"tag-noticiasprincipais","26":"tag-portugal","27":"tag-principais-noticias","28":"tag-principaisnoticias","29":"tag-pt","30":"tag-sinistralidade","31":"tag-top-stories","32":"tag-topstories","33":"tag-ultimas","34":"tag-ultimas-noticias","35":"tag-ultimasnoticias"},"share_on_mastodon":{"url":"https:\/\/pubeurope.com\/@pt\/115418655835240925","error":""},"_links":{"self":[{"href":"https:\/\/www.europesays.com\/pt\/wp-json\/wp\/v2\/posts\/121912","targetHints":{"allow":["GET"]}}],"collection":[{"href":"https:\/\/www.europesays.com\/pt\/wp-json\/wp\/v2\/posts"}],"about":[{"href":"https:\/\/www.europesays.com\/pt\/wp-json\/wp\/v2\/types\/post"}],"author":[{"embeddable":true,"href":"https:\/\/www.europesays.com\/pt\/wp-json\/wp\/v2\/users\/2"}],"replies":[{"embeddable":true,"href":"https:\/\/www.europesays.com\/pt\/wp-json\/wp\/v2\/comments?post=121912"}],"version-history":[{"count":0,"href":"https:\/\/www.europesays.com\/pt\/wp-json\/wp\/v2\/posts\/121912\/revisions"}],"wp:featuredmedia":[{"embeddable":true,"href":"https:\/\/www.europesays.com\/pt\/wp-json\/wp\/v2\/media\/121913"}],"wp:attachment":[{"href":"https:\/\/www.europesays.com\/pt\/wp-json\/wp\/v2\/media?parent=121912"}],"wp:term":[{"taxonomy":"category","embeddable":true,"href":"https:\/\/www.europesays.com\/pt\/wp-json\/wp\/v2\/categories?post=121912"},{"taxonomy":"post_tag","embeddable":true,"href":"https:\/\/www.europesays.com\/pt\/wp-json\/wp\/v2\/tags?post=121912"}],"curies":[{"name":"wp","href":"https:\/\/api.w.org\/{rel}","templated":true}]}}