{"id":121916,"date":"2025-10-22T16:04:14","date_gmt":"2025-10-22T16:04:14","guid":{"rendered":"https:\/\/www.europesays.com\/pt\/121916\/"},"modified":"2025-10-22T16:04:14","modified_gmt":"2025-10-22T16:04:14","slug":"fliporto-portugal-abre-esta-quarta-feira-para-estreitar-os-lacos-literarios-entre-portugal-e-o-brasil","status":"publish","type":"post","link":"https:\/\/www.europesays.com\/pt\/121916\/","title":{"rendered":"Fliporto Portugal abre esta quarta-feira &#8220;para estreitar os la\u00e7os liter\u00e1rios entre Portugal e o Brasil&#8221;"},"content":{"rendered":"<p>&#13;<br \/>\n&#13;<br \/>\n&#13;<br \/>\n\t&#13;<br \/>\n\t&#13;<br \/>\n&#13;<br \/>\n\t&#13;<br \/>\n&#13;<br \/>\n\t&#13;<br \/>\n&#13;<\/p>\n<p>\tFliporto Portugal abre esta quarta-feira &#8220;para estreitar os la\u00e7os liter\u00e1rios entre Portugal e o Brasil&#8221; &#8211; JPN<\/p>\n<p>\t\t\t&#13;<br \/>\n&#13;<br \/>\n&#13;<br \/>\n&#13;<br \/>\n&#13;<br \/>\n&#13;<br \/>\n&#13;<br \/>\n&#13;<br \/>\n&#13;<br \/>\n&#13;<\/p>\n<p>&#13;<br \/>\n\t\t&#13;<\/p>\n<p>Este site utiliza cookies para permitir uma melhor experi\u00eancia por parte do utilizador. Ao navegar no site estar\u00e1 a consentir a sua utiliza\u00e7\u00e3o.OkN\u00e3oLer mais<\/p>\n<p>Eliminar cookies&#13;\n\t\t\t<\/p>\n<p>\t\t&#13;<br \/>\n\t\t&#13;<br \/>\n&#13;<\/p>\n","protected":false},"excerpt":{"rendered":"&#13; &#13; &#13; &#13; &#13; &#13; &#13; &#13; &#13; &#13; Fliporto Portugal abre esta quarta-feira &#8220;para estreitar os&hellip;\n","protected":false},"author":2,"featured_media":121917,"comment_status":"","ping_status":"","sticky":false,"template":"","format":"standard","meta":{"footnotes":""},"categories":[143],"tags":[169,114,115,170,32,33],"class_list":{"0":"post-121916","1":"post","2":"type-post","3":"status-publish","4":"format-standard","5":"has-post-thumbnail","7":"category-livros","8":"tag-books","9":"tag-entertainment","10":"tag-entretenimento","11":"tag-livros","12":"tag-portugal","13":"tag-pt"},"share_on_mastodon":{"url":"https:\/\/pubeurope.com\/@pt\/115418671711377357","error":""},"_links":{"self":[{"href":"https:\/\/www.europesays.com\/pt\/wp-json\/wp\/v2\/posts\/121916","targetHints":{"allow":["GET"]}}],"collection":[{"href":"https:\/\/www.europesays.com\/pt\/wp-json\/wp\/v2\/posts"}],"about":[{"href":"https:\/\/www.europesays.com\/pt\/wp-json\/wp\/v2\/types\/post"}],"author":[{"embeddable":true,"href":"https:\/\/www.europesays.com\/pt\/wp-json\/wp\/v2\/users\/2"}],"replies":[{"embeddable":true,"href":"https:\/\/www.europesays.com\/pt\/wp-json\/wp\/v2\/comments?post=121916"}],"version-history":[{"count":0,"href":"https:\/\/www.europesays.com\/pt\/wp-json\/wp\/v2\/posts\/121916\/revisions"}],"wp:featuredmedia":[{"embeddable":true,"href":"https:\/\/www.europesays.com\/pt\/wp-json\/wp\/v2\/media\/121917"}],"wp:attachment":[{"href":"https:\/\/www.europesays.com\/pt\/wp-json\/wp\/v2\/media?parent=121916"}],"wp:term":[{"taxonomy":"category","embeddable":true,"href":"https:\/\/www.europesays.com\/pt\/wp-json\/wp\/v2\/categories?post=121916"},{"taxonomy":"post_tag","embeddable":true,"href":"https:\/\/www.europesays.com\/pt\/wp-json\/wp\/v2\/tags?post=121916"}],"curies":[{"name":"wp","href":"https:\/\/api.w.org\/{rel}","templated":true}]}}