{"id":121921,"date":"2025-10-22T16:13:08","date_gmt":"2025-10-22T16:13:08","guid":{"rendered":"https:\/\/www.europesays.com\/pt\/121921\/"},"modified":"2025-10-22T16:13:08","modified_gmt":"2025-10-22T16:13:08","slug":"expansao-da-luz-campus-das-modalidades-e-ampliacao-do-seixal-mayer-apresenta-projeto-com-imagens","status":"publish","type":"post","link":"https:\/\/www.europesays.com\/pt\/121921\/","title":{"rendered":"Expans\u00e3o da Luz, campus das modalidades e amplia\u00e7\u00e3o do Seixal: Mayer apresenta projeto (com imagens)"},"content":{"rendered":"<p>Martim Mayer, candidato \u00e0s elei\u00e7\u00f5es do Benfica, apresentou nesta quarta-feira a proposta para o patrim\u00f3nio do clube, que inclui as expans\u00f5es do Est\u00e1dio da Luz e do Benfica Campus, bem como a constru\u00e7\u00e3o de um campus das modalidades e os custos associados a cada um dos projetos.<\/p>\n<p> <strong>Expans\u00e3o da Luz<\/strong> <\/p>\n<p>No que diz respeito \u00e0 amplia\u00e7\u00e3o da Luz, o projeto contempla, tal como o candidato da Lista B j\u00e1 disse em v\u00e1rias ocasi\u00f5es, o aumento da lota\u00e7\u00e3o do recinto para 83 mil espectadores. A proposta inclui ainda a cria\u00e7\u00e3o de uma nova cobertura e a remodela\u00e7\u00e3o da fachada e envolvente exterior do recinto.<\/p>\n<p>Este projeto tem uma estimativa or\u00e7amental de 100,9 milh\u00f5es de euros: 75 milh\u00f5es pela amplia\u00e7\u00e3o do est\u00e1dio, \u20ac16,750M pela nova cobertura e \u20ac9,150M pela moderniza\u00e7\u00e3o do exterior. A obra seria realizada em quatro anos, sendo os primeiros 15 meses dedicados ao in\u00edcio do projeto, levantamentos t\u00e9cnicos, execu\u00e7\u00e3o de projetos e licenciamento, e concurso de empreitada. Seguir-se-iam depois quatro fases de execu\u00e7\u00e3o da empreitada durante 26 meses, bancada a bancada, sem interrup\u00e7\u00e3o de jogos.<\/p>\n<p>Refere a candidatura \u00abBenfica no Sangue\u00bb que obra seria financiada e amortizada em dez anos sem afetar o or\u00e7amento anual do clube.<\/p>\n<p> <strong>Cria\u00e7\u00e3o do Benfica Campus das Modalidades fora de Lisboa<\/strong> <\/p>\n<p>Paralelamente a este projeto, a candidatura Benfica no Sangue apresentou tamb\u00e9m um estudo pr\u00e9vio para a constru\u00e7\u00e3o do Benfica Campus das Modalidades, um complexo desportivo e residencial que concentraria todas as infraestruturas das modalidades num s\u00f3 local onde passariam a treinar e a jogar: tr\u00eas campos de andebol, quatro de basquetebol, tr\u00eas de futsal, dois de h\u00f3quei em patins, uma piscina ol\u00edmpica (50 metros), uma piscina de polo aqu\u00e1tico, um pavilh\u00e3o para combate, outro para gin\u00e1stica, al\u00e9m de dois campos de r\u00e2guebi e um complexo de atletismo.<\/p>\n<p>Al\u00e9m disto e de um edif\u00edcio com diversos servi\u00e7os (Departamento de Performance, CAR, cl\u00ednica desportiva, gin\u00e1sio, medicina de reabilita\u00e7\u00e3o e fisioterapia, nutri\u00e7\u00e3o e psicologia), o programa prev\u00ea a edifica\u00e7\u00e3o de tr\u00eas resid\u00eancias: uma com 200 quartos, outra com 100 est\u00fadios e outra com 100 apartamento de tipologias T1 e T2, al\u00e9m de zonas comuns sociais e de restaura\u00e7\u00e3o de apoio \u00e0s resid\u00eancias.<\/p>\n<p>Paralelamente, o Benfica Campus das Modalidades teriam ainda uma zona de equipamentos comum, que contemplaria uma zona comercial com restaura\u00e7\u00e3o e lojas de desporto, um audit\u00f3rio, um skate park, um centro de escalada, um centro de padel, espa\u00e7os verdes e estacionamento.<\/p>\n<p>A estimativa or\u00e7amental do Benfica Campus das Modalidades seria de 69,6 milh\u00f5es de euros, quase totalmente alocados \u00e0s zonas das modalidades (\u20ac28,8M) e das resid\u00eancias (\u20ac29,5M). Os equipamentos comuns e o edif\u00edcio do equipamento t\u00e9cnico teriam um custo de \u20ac9,1M e \u20ac2,2M, respetivamente.<\/p>\n<p>O tempo previsto para a conclus\u00e3o da obra seria, tamb\u00e9m de quatro anos, com a empreitada a ser executada numa janela de 26 meses.<\/p>\n<p>Segundo a candidatura Benfica no Sangue, este novo polo iria ocupar uma \u00e1rea de 25 hectares e o terreno seria encontrado nos concelhos de Loures, Amadora ou Oeiras.<\/p>\n<p>\u00c9 ainda referido que este complexo permitira uma poupan\u00e7a anual entre 6 e 8 milh\u00f5es de euros em alugueres e alojamentos externos.<\/p>\n<p> <strong>Expans\u00e3o do Benfica Campus<\/strong> <\/p>\n<p>Por fim, a expans\u00e3o do Benfica Campus tem uma estimativa or\u00e7amental de 49,2 milh\u00f5es de euros. Nele iriam nascer um est\u00e1dio de futebol feminino com capacidade para at\u00e9 10 mil lugares, quatro novos campos sint\u00e9ticos de treino, um col\u00e9gio com capacidade entre 600 e mil alunos e um edif\u00edcio residencial com 200 est\u00fadios. O projeto prev\u00ea ainda a expans\u00e3o do centro de reabilita\u00e7\u00e3o desportiva, incluindo da piscina.<\/p>\n<p>O col\u00e9gio e as resid\u00eancias teriam um custo de mais de 50 por cento da obra (\u20ac26,6M), sendo que o est\u00e1dio e a cria\u00e7\u00e3o de novos campos de treino custariam 21,1 milh\u00f5es de euros. J\u00e1 a estimativa or\u00e7amental para o centro de reabilita\u00e7\u00e3o \u00e9 de 1,5 milh\u00f5es de euros. Este projeto tamb\u00e9m seria concretizado, entre o in\u00edcio e a conclus\u00e3o global, em quatro anos.<\/p>\n<p>A concretizarem-se estes projetos desenvolvido pelas empresas CBRE (respons\u00e1vel pelas infraestruturas de Camp Nou e Santiago Bernab\u00e9u), MAP Group e AQA Arquitetos, o custo total seria superior a 220 milh\u00f5es de euros.<\/p>\n<p><a href=\"https:\/\/maisfutebol.iol.pt\/fotogaleria\/68f8d198d34ee0c2fed18b27\/a-nova-luz-e-o-benfica-campus-das-modalidades-de-martim-mayer\" rel=\"nofollow noopener\" target=\"_blank\"><strong>CONFIRA OS PLANOS PARA A NOVA LUZ E PARA O CAMPUS DAS MODALIDADES DO BENFICA NA GALERIA ASSOCIADA<\/strong><\/a><\/p>\n<ol>\n <\/ol>\n","protected":false},"excerpt":{"rendered":"Martim Mayer, candidato \u00e0s elei\u00e7\u00f5es do Benfica, apresentou nesta quarta-feira a proposta para o patrim\u00f3nio do clube, que&hellip;\n","protected":false},"author":2,"featured_media":121922,"comment_status":"","ping_status":"","sticky":false,"template":"","format":"standard","meta":{"footnotes":""},"categories":[87],"tags":[51,135,11568,46,24241,28256,32,33,47,134],"class_list":{"0":"post-121921","1":"post","2":"type-post","3":"status-publish","4":"format-standard","5":"has-post-thumbnail","7":"category-desporto","8":"tag-benfica","9":"tag-desporto","10":"tag-eleicoes-benfica","11":"tag-maisfutebol","12":"tag-martim-mayer","13":"tag-mayer","14":"tag-portugal","15":"tag-pt","16":"tag-pura-paixao","17":"tag-sports"},"share_on_mastodon":{"url":"https:\/\/pubeurope.com\/@pt\/115418707174175619","error":""},"_links":{"self":[{"href":"https:\/\/www.europesays.com\/pt\/wp-json\/wp\/v2\/posts\/121921","targetHints":{"allow":["GET"]}}],"collection":[{"href":"https:\/\/www.europesays.com\/pt\/wp-json\/wp\/v2\/posts"}],"about":[{"href":"https:\/\/www.europesays.com\/pt\/wp-json\/wp\/v2\/types\/post"}],"author":[{"embeddable":true,"href":"https:\/\/www.europesays.com\/pt\/wp-json\/wp\/v2\/users\/2"}],"replies":[{"embeddable":true,"href":"https:\/\/www.europesays.com\/pt\/wp-json\/wp\/v2\/comments?post=121921"}],"version-history":[{"count":0,"href":"https:\/\/www.europesays.com\/pt\/wp-json\/wp\/v2\/posts\/121921\/revisions"}],"wp:featuredmedia":[{"embeddable":true,"href":"https:\/\/www.europesays.com\/pt\/wp-json\/wp\/v2\/media\/121922"}],"wp:attachment":[{"href":"https:\/\/www.europesays.com\/pt\/wp-json\/wp\/v2\/media?parent=121921"}],"wp:term":[{"taxonomy":"category","embeddable":true,"href":"https:\/\/www.europesays.com\/pt\/wp-json\/wp\/v2\/categories?post=121921"},{"taxonomy":"post_tag","embeddable":true,"href":"https:\/\/www.europesays.com\/pt\/wp-json\/wp\/v2\/tags?post=121921"}],"curies":[{"name":"wp","href":"https:\/\/api.w.org\/{rel}","templated":true}]}}