{"id":121928,"date":"2025-10-22T16:18:12","date_gmt":"2025-10-22T16:18:12","guid":{"rendered":"https:\/\/www.europesays.com\/pt\/121928\/"},"modified":"2025-10-22T16:18:12","modified_gmt":"2025-10-22T16:18:12","slug":"netanyahu-diz-que-israel-nao-e-um-protectorado-dos-eua-medio-oriente","status":"publish","type":"post","link":"https:\/\/www.europesays.com\/pt\/121928\/","title":{"rendered":"Netanyahu diz que Israel \u201cn\u00e3o \u00e9 um protectorado dos EUA\u201d | M\u00e9dio Oriente"},"content":{"rendered":"<p>O primeiro-ministro israelita, Benjamin Netanyahu, que esta quarta-feira recebeu em Jerusal\u00e9m <a href=\"https:\/\/www.publico.pt\/2025\/10\/21\/mundo\/noticia\/vance-eua-nao-vao-impor-prazos-processo-paz-gaza-2151656\" rel=\"nofollow noopener\" target=\"_blank\">o vice-presidente dos Estados Unidos<\/a>, J.D. Vance, sentiu necessidade de afirmar antes do encontro que Israel \u201cn\u00e3o \u00e9 um protectorado dos Estados Unidos\u201d, e que continuar\u00e1 a ter uma palavra a dizer sobre os desenvolvimentos na regi\u00e3o.<\/p>\n<p>\u201cN\u00e3o somos um protectorado dos Estados Unidos. Israel \u00e9 quem decidir\u00e1 sobre a sua seguran\u00e7a\u201d, afirmou Netanyahu numa declara\u00e7\u00e3o emitida pelo seu gabinete antes da reuni\u00e3o com Vance, que chegou a Israel na ter\u00e7a-feira para uma visita ao centro EUA-Israel de coordena\u00e7\u00e3o do <a href=\"https:\/\/www.publico.pt\/2025\/10\/21\/mundo\/noticia\/trump-envia-jd-vance-israel-segurar-cessarfogo-hamas-2151587\" rel=\"nofollow noopener\" target=\"_blank\">cessar-fogo em Gaza<\/a>.<\/p>\n<p>Segundo a Associated Press, o comunicado do primeiro-ministro israelita procurou apaziguar os receios de quem considera que a constitui\u00e7\u00e3o de uma for\u00e7a internacional para supervisionar <a href=\"https:\/\/www.publico.pt\/2025\/10\/21\/mundo\/noticia\/trump-envia-jd-vance-israel-segurar-cessarfogo-hamas-2151587\" rel=\"nofollow noopener\" target=\"_blank\">a tr\u00e9gua com o Hamas<\/a> (cuja constitui\u00e7\u00e3o est\u00e1 prevista no acordo desenhado pela Casa Branca) n\u00e3o ir\u00e1 limitar a capacidade de Israel de se defender.<\/p>\n<p>Na v\u00e9spera, Vance j\u00e1 havia dito que essa for\u00e7a internacional estava ainda \u201ca ser conceptualizada\u201d, e que os EUA n\u00e3o iriam impor nada aos seus \u201camigos israelitas\u201d. Aos EUA caberia o papel de coordenar o contributo de pa\u00edses como a Turquia, a Indon\u00e9sia ou de na\u00e7\u00f5es \u00e1rabes, como o Egipto, apontou o vice-presidente norte-americano.<\/p>\n<p>Na confer\u00eancia de imprensa que se seguiu ao encontro dos dois governantes, a quest\u00e3o sobre a rela\u00e7\u00e3o entre Israel e EUA voltou a surgir, e o primeiro-ministro voltou a rejeitar qualquer tipo de subservi\u00eancia em rela\u00e7\u00e3o aos EUA.<\/p>\n<p>\u201cQuero deixar isto bem claro\u201d, respondeu Netanyahu. \u201cNuma semana dizem que Israel controla os Estados Unidos e, uma semana depois, dizem que os Estados Unidos controlam Israel. Isso \u00e9 uma parvo\u00edce.\u201d<\/p>\n<p>\u201cN\u00f3s tomamos as decis\u00f5es pela seguran\u00e7a de Israel, mas tomamos decis\u00f5es comuns para a regi\u00e3o que, na minha opini\u00e3o, podem servir a ambos\u201d, afirmou o primeiro-ministro de Israel \u2014 cujo gabinete reconheceu, esta quarta-feira, a identidade dos dois ref\u00e9ns cujos corpos foram devolvidos na v\u00e9spera pelo Hamas.<\/p>\n<p>Trata-se de Arie (Zalman) Zalmanovich, de 85 anos, e Tamir Adar, de 38 anos, ambos levados do Kibbutz Nir Oz, a 7 de Outubro de 2023.<\/p>\n<p>Netanyahu, que se desfez em elogios em rela\u00e7\u00e3o a Vance, dizendo-se \u201cimpressionado com a sua clareza, com a sua perspic\u00e1cia, com a sua solidariedade\u201d e a sua \u201camizade genu\u00edna\u201d, frisou que j\u00e1 c\u00e1 anda \u201ch\u00e1 alguns anos\u201d e que nunca antes a rela\u00e7\u00e3o entre Israel e os Estados Unidos esteve neste n\u00edvel.<\/p>\n<p>Trata-se de \u201cuma alian\u00e7a sem precedentes\u201d que vai permitir \u201cmudar o M\u00e9dio Oriente e mudar o mundo\u201d. Netanyahu disse que Israel conseguiu com a sua ac\u00e7\u00e3o militar em Gaza \u201cp\u00f4r uma faca na garganta do Hamas\u201d, mas considerou que Donald Trump e a sua equipa foram \u201cbrilhantes\u201d ao conseguir \u201cisolar o Hamas no mundo \u00e1rabe e mu\u00e7ulmano\u201d.<\/p>\n<p>J\u00e1 Vance reconheceu que desarmar o Hamas (que, segundo a imprensa israelita, se ter\u00e1 comprometido a p\u00f4r fim \u00e0 vaga de execu\u00e7\u00f5es de alegados colaboracionistas de Israel e membros de gangues rivais) ser\u00e1 \u201cuma tarefa muito dif\u00edcil\u201d.<\/p>\n<p>Mais Acordos de Abra\u00e3o<\/p>\n<p>Mas, mantendo o tom optimista que j\u00e1 tinha usado na v\u00e9spera, revelou que \u201cnas \u00faltimas 24 horas\u201d teve conversas \u201cmuito positivas\u201d com os \u201camigos no Governo israelita\u201d e tamb\u00e9m com \u201cos amigos no mundo \u00e1rabe, que est\u00e3o a dar um passo \u00e0 frente e a voluntariar-se para desempenhar um papel muito positivo nisto\u201d.<\/p>\n<p>Citado pelo Times of Israel, Vance tamb\u00e9m quis clarificar a rela\u00e7\u00e3o entre os dois pa\u00edses: \u201cN\u00e3o queremos um Estado vassalo, e n\u00e3o \u00e9 isso que Israel \u00e9.\u201d Os Estados Unidos querem um parceiro, afirmou.<\/p>\n<p>\u201cO Presidente [Donald Trump] acredita que Israel, com os nossos aliados \u00e1rabes do Golfo, pode desempenhar um papel de lideran\u00e7a muito positivo nesta regi\u00e3o\u201d que permita aos Estados Unidos deixarem \u201cde se preocupar com o M\u00e9dio Oriente, porque os nossos aliados na regi\u00e3o est\u00e3o a assumir o controlo e a responsabilidade pela sua \u00e1rea do mundo\u201d.<\/p>\n<p>O vice-presidente sublinhou que isso n\u00e3o significa que os Estados Unidos deixem de \u201cter interesses no M\u00e9dio Oriente\u201d, mas olham para este processo de paz com o Hamas como uma forma de ampliar os Acordos de Abra\u00e3o (acordos de normaliza\u00e7\u00e3o de rela\u00e7\u00f5es entre Israel e os Estados \u00e1rabes).<\/p>\n<p>\u201cEste acordo com Gaza \u00e9 uma pe\u00e7a fundamental para desbloquear os Acordos de Abra\u00e3o\u201d, e construir uma \u201cestrutura de alian\u00e7as\u201d no M\u00e9dio Oriente que perdurem, explicou Vance.<\/p>\n","protected":false},"excerpt":{"rendered":"O primeiro-ministro israelita, Benjamin Netanyahu, que esta quarta-feira recebeu em Jerusal\u00e9m o vice-presidente dos Estados Unidos, J.D. Vance,&hellip;\n","protected":false},"author":2,"featured_media":121929,"comment_status":"","ping_status":"","sticky":false,"template":"","format":"standard","meta":{"footnotes":""},"categories":[50],"tags":[258,27,28,92,257,15,16,255,14,259,25,26,21,22,432,62,12,13,19,20,23,24,17,18,29,30,31,63,64,65],"class_list":{"0":"post-121928","1":"post","2":"type-post","3":"status-publish","4":"format-standard","5":"has-post-thumbnail","7":"category-mundo","8":"tag-benjamin-netanyahu","9":"tag-breaking-news","10":"tag-breakingnews","11":"tag-donald-trump","12":"tag-faixa-de-gaza","13":"tag-featured-news","14":"tag-featurednews","15":"tag-hamas","16":"tag-headlines","17":"tag-israel","18":"tag-latest-news","19":"tag-latestnews","20":"tag-main-news","21":"tag-mainnews","22":"tag-medio-oriente","23":"tag-mundo","24":"tag-news","25":"tag-noticias","26":"tag-noticias-principais","27":"tag-noticiasprincipais","28":"tag-principais-noticias","29":"tag-principaisnoticias","30":"tag-top-stories","31":"tag-topstories","32":"tag-ultimas","33":"tag-ultimas-noticias","34":"tag-ultimasnoticias","35":"tag-world","36":"tag-world-news","37":"tag-worldnews"},"share_on_mastodon":{"url":"https:\/\/pubeurope.com\/@pt\/115418726671803640","error":""},"_links":{"self":[{"href":"https:\/\/www.europesays.com\/pt\/wp-json\/wp\/v2\/posts\/121928","targetHints":{"allow":["GET"]}}],"collection":[{"href":"https:\/\/www.europesays.com\/pt\/wp-json\/wp\/v2\/posts"}],"about":[{"href":"https:\/\/www.europesays.com\/pt\/wp-json\/wp\/v2\/types\/post"}],"author":[{"embeddable":true,"href":"https:\/\/www.europesays.com\/pt\/wp-json\/wp\/v2\/users\/2"}],"replies":[{"embeddable":true,"href":"https:\/\/www.europesays.com\/pt\/wp-json\/wp\/v2\/comments?post=121928"}],"version-history":[{"count":0,"href":"https:\/\/www.europesays.com\/pt\/wp-json\/wp\/v2\/posts\/121928\/revisions"}],"wp:featuredmedia":[{"embeddable":true,"href":"https:\/\/www.europesays.com\/pt\/wp-json\/wp\/v2\/media\/121929"}],"wp:attachment":[{"href":"https:\/\/www.europesays.com\/pt\/wp-json\/wp\/v2\/media?parent=121928"}],"wp:term":[{"taxonomy":"category","embeddable":true,"href":"https:\/\/www.europesays.com\/pt\/wp-json\/wp\/v2\/categories?post=121928"},{"taxonomy":"post_tag","embeddable":true,"href":"https:\/\/www.europesays.com\/pt\/wp-json\/wp\/v2\/tags?post=121928"}],"curies":[{"name":"wp","href":"https:\/\/api.w.org\/{rel}","templated":true}]}}