{"id":121933,"date":"2025-10-22T16:21:15","date_gmt":"2025-10-22T16:21:15","guid":{"rendered":"https:\/\/www.europesays.com\/pt\/121933\/"},"modified":"2025-10-22T16:21:15","modified_gmt":"2025-10-22T16:21:15","slug":"fui-ao-hospital-gravida-tatiana-boa-nova-revela-novos-detalhes-sobre-queda-e-deixa-alerta","status":"publish","type":"post","link":"https:\/\/www.europesays.com\/pt\/121933\/","title":{"rendered":"&#8220;Fui ao hospital&#8230;&#8221;. Gr\u00e1vida, Tatiana Boa Nova revela novos detalhes sobre queda e deixa &#8216;alerta&#8217;"},"content":{"rendered":"<p>Tatiana Boa Nova caiu das escadas na noite da passada segunda-feira, 20 de outubro, e decidiu partilhar o momento com os seguidores atrav\u00e9s da sua conta de Instagram, tal como <a href=\"https:\/\/www.hiper.fm\/gravida-tatiana-boa-nova-sofre-queda-bati-com-o-coxis-e-as-costas-na-quina\/\" target=\"_blank\" rel=\"noopener nofollow\">aqui<\/a> cont\u00e1mos.<\/p>\n<p>Na tarde desta ter\u00e7a-feira (21), Tatiana Boa Nova decidiu revelar novos detalhes desta queda, admitindo o \u201cmedo\u201d que sentiu, uma vez que est\u00e1 gr\u00e1vida do segundo filho.<\/p>\n<p><strong>\u201cQuando eu ca\u00ed, a primeira coisa que eu fiz foi p\u00f4r as m\u00e3os na barriga e fiquei super assustada (\u2026) e o medo de que acontecesse alguma coisa (\u2026) estava l\u00e1 presente e eu fiquei meio que ansiosa\u201d<\/strong>, come\u00e7ou por contar.<\/p>\n<p>Tatiana Boa Nova, que est\u00e1 gr\u00e1vida de 33 semanas, explicou que ficou \u201cpisada\u201d e que \u201cpor descargo de consci\u00eancia\u201d foi ao m\u00e9dico: <strong>\u201cFui ao hospital, vi o meu beb\u00e9, est\u00e1 tudo bem gra\u00e7as a Deus mas n\u00e3o ganhei para o susto. \u00c0s vezes, n\u00f3s gr\u00e1vidas, temos que saber abrandar, ter cuidado e n\u00e3o agir como se estivesse tudo normal, temos que ter mais cuidado, fiquei mesmo assustada\u201d<\/strong>, adiantou.<\/p>\n<p>Veja abaixo:<\/p>\n","protected":false},"excerpt":{"rendered":"Tatiana Boa Nova caiu das escadas na noite da passada segunda-feira, 20 de outubro, e decidiu partilhar o&hellip;\n","protected":false},"author":2,"featured_media":121934,"comment_status":"","ping_status":"","sticky":false,"template":"","format":"standard","meta":{"footnotes":""},"categories":[145],"tags":[211,210,114,115,28257,32,33,9414,2630],"class_list":{"0":"post-121933","1":"post","2":"type-post","3":"status-publish","4":"format-standard","5":"has-post-thumbnail","7":"category-celebridades","8":"tag-celebridades","9":"tag-celebrities","10":"tag-entertainment","11":"tag-entretenimento","12":"tag-gru00e1vida","13":"tag-portugal","14":"tag-pt","15":"tag-queda","16":"tag-tatiana-boa-nova"},"share_on_mastodon":{"url":"https:\/\/pubeurope.com\/@pt\/115418738386993041","error":""},"_links":{"self":[{"href":"https:\/\/www.europesays.com\/pt\/wp-json\/wp\/v2\/posts\/121933","targetHints":{"allow":["GET"]}}],"collection":[{"href":"https:\/\/www.europesays.com\/pt\/wp-json\/wp\/v2\/posts"}],"about":[{"href":"https:\/\/www.europesays.com\/pt\/wp-json\/wp\/v2\/types\/post"}],"author":[{"embeddable":true,"href":"https:\/\/www.europesays.com\/pt\/wp-json\/wp\/v2\/users\/2"}],"replies":[{"embeddable":true,"href":"https:\/\/www.europesays.com\/pt\/wp-json\/wp\/v2\/comments?post=121933"}],"version-history":[{"count":0,"href":"https:\/\/www.europesays.com\/pt\/wp-json\/wp\/v2\/posts\/121933\/revisions"}],"wp:featuredmedia":[{"embeddable":true,"href":"https:\/\/www.europesays.com\/pt\/wp-json\/wp\/v2\/media\/121934"}],"wp:attachment":[{"href":"https:\/\/www.europesays.com\/pt\/wp-json\/wp\/v2\/media?parent=121933"}],"wp:term":[{"taxonomy":"category","embeddable":true,"href":"https:\/\/www.europesays.com\/pt\/wp-json\/wp\/v2\/categories?post=121933"},{"taxonomy":"post_tag","embeddable":true,"href":"https:\/\/www.europesays.com\/pt\/wp-json\/wp\/v2\/tags?post=121933"}],"curies":[{"name":"wp","href":"https:\/\/api.w.org\/{rel}","templated":true}]}}