{"id":121939,"date":"2025-10-22T16:25:20","date_gmt":"2025-10-22T16:25:20","guid":{"rendered":"https:\/\/www.europesays.com\/pt\/121939\/"},"modified":"2025-10-22T16:25:20","modified_gmt":"2025-10-22T16:25:20","slug":"sabrina-carpenter-ou-olivia-rodrigo-cariocas-respondem","status":"publish","type":"post","link":"https:\/\/www.europesays.com\/pt\/121939\/","title":{"rendered":"Sabrina Carpenter ou Olivia Rodrigo? Cariocas respondem"},"content":{"rendered":"<p dir=\"ltr\">Quem \u00e9 mais famosa: Sabrina Carpenter ou Olivia Rodrigo? O influenciador Toca abordou pessoas na regi\u00e3o do Saara, tradicional ponto popular de compras no Centro do Rio de Janeiro, em busca do veredito. Caminhando com fotos impressas das cantoras, ele perguntou se as pessoas saberiam responder os nomes das artistas, recebendo v\u00e1rias respostas c\u00f4micas, apesar de poucos reconhecerem as divas pop.\u00a0<\/p>\n<p dir=\"ltr\">Alguns entrevistados at\u00e9 as confundiram com outras artistas. Sabrina foi chamada de Billie Eilish e Taylor Swift, enquanto Olivia acabou trocada por Dua Lipa. O v\u00eddeo viralizou na internet, com mais de 140 mil visualiza\u00e7\u00f5es no perfil do influenciador. A rivalidade entre os f\u00e3s das cantoras e o drama amoroso envolvendo as duas instigou os espectadores a verem o resultado e a comentarem suas opini\u00f5es.<\/p>\n<p dir=\"ltr\">No fim, a contagem da enquete registrou Olivia como a mais famosa, mas ambas as artistas conquistaram sucesso. Apesar de o nome das cantoras n\u00e3o ser um t\u00f3pico frequente de conversa entre os brasileiros, m\u00fasicas de ambas artistas alcan\u00e7aram o topo das paradas globais.\u00a0<\/p>\n<p dir=\"ltr\">Em 2021, o \u00e1lbum Sour, de Olivia Rodrigo, emplacou sucessos como good 4 u, driver&#8217;s license\u00a0e vampire\u00a0entre os mais ouvidos no Spotify Brasil, tornando-a a \u00fanica artista internacional na classifica\u00e7\u00e3o. Em 2025, a cantora acumula 47 milh\u00f5es de ouvintes mensais no Spotify e tr\u00eas pr\u00eamios Grammy, nas categorias de Artista Revela\u00e7\u00e3o, Melhor Performance Pop Solo e Melhor \u00c1lbum de Pop Vocal, na premia\u00e7\u00e3o de 2022.\u00a0<\/p>\n<p dir=\"ltr\">J\u00e1 Sabrina Carpenter tamb\u00e9m conquistou seu lugar entre as m\u00fasicas mais ouvidas do pa\u00eds, estourando com Espresso, Taste,\u00a0Manchild\u00a0e Please, Please, Please, e dominando principalmente as paradas globais. Al\u00e9m disso, ela tem o recorde de maior estreia em streaming para uma mulher em 2025, conta com 76 milh\u00f5es de ouvintes mensais no Spotify e acumula duas estatuetas Grammy, na categoria de Melhor Performance de Pop Solo por &#8220;Espresso&#8221; e Melhor \u00c1lbum de Pop Vocal por Short n&#8217; Sweet no Grammy de 2025.<\/p>\n<p class=\"texto\"> <strong>Existe rivalidade entre as cantoras?\u00a0<\/strong><\/p>\n<p dir=\"ltr\">Para a comunidade apaixonada de f\u00e3s, a rivalidade entre Sabrina Carpenter e Olivia Rodrigo teve in\u00edcio em 2021 com a can\u00e7\u00e3o Driver&#8217;s License, o primeiro lan\u00e7amento do \u00e1lbum Sour. No \u00e1lbum, Olivia aborda o fim do namoro com o cantor Joshua Bassett e a inseguran\u00e7a que sentia por uma garota loira mais velha, com quem ele engatou um novo relacionamento duas semanas ap\u00f3s o t\u00e9rmino.<\/p>\n<p dir=\"ltr\">As letras de Olivia despertaram a curiosidade dos f\u00e3s, que rapidamente descobriram imagens e v\u00eddeos do ator com Sabrina Carpenter, j\u00e1 conhecida por seu trabalho como atriz. Assim, a hist\u00f3ria desse tri\u00e2ngulo amoroso repercutiu na m\u00eddia, e a internet n\u00e3o falava em outra coisa.\u00a0<\/p>\n<p dir=\"ltr\">A resposta de Sabrina veio na m\u00fasica All Because I Liked a Boy\u00a0e no \u00e1lbum Emails I Can\u2019t Send, em 2022. Na letra, ela alega que sofreu ataques de \u00f3dio na internet e recebeu amea\u00e7as de morte, apenas por namorar um garoto. A cantora ainda disse que n\u00e3o cometeu um erro em se relacionar com uma pessoa solteira e considerou a rea\u00e7\u00e3o dos f\u00e3s injusta.<\/p>\n<p dir=\"ltr\">Apesar do tri\u00e2ngulo amoroso envolvendo as duas, as artistas fazem quest\u00e3o de negar qualquer rivalidade entre elas. No Grammy de 2025, elas trocaram um abra\u00e7o, gesto que foi visto pelos f\u00e3s como um \u201ctratado de paz\u201d.\u00a0<\/p>\n<p>Confira o v\u00eddeo gravado pelo influenciador Toca:<\/p>\n<p class=\"texto\">* Estagi\u00e1ria sob supervis\u00e3o de Ana Raquel Lelles<\/p>\n<ul>\n<li><a href=\"https:\/\/wa.me\/?text=Quem+%C3%A9+mais+famosa%3A+Sabrina+Carpenter+ou+Olivia+Rodrigo%3F+Cariocas+respondem%20https:\/\/www.correiobraziliense.com.br\/diversao-e-arte\/2025\/10\/7275667-quem-e-mais-famosa-sabrina-carpenter-ou-olivia-rodrigo-cariocas-respondem.html\" target=\"_blank\" title=\"Whatsapp\" aria-label=\"WhatsApp\" rel=\"nofollow noopener\"><\/a><\/li>\n<li><a href=\"https:\/\/www.facebook.com\/sharer.php?u=https:\/\/www.correiobraziliense.com.br%2Fdiversao-e-arte%2F2025%2F10%2F7275667-quem-e-mais-famosa-sabrina-carpenter-ou-olivia-rodrigo-cariocas-respondem.html&amp;text=Quem+%C3%A9+mais+famosa%3A+Sabrina+Carpenter+ou+Olivia+Rodrigo%3F+Cariocas+respondem\" target=\"_blank\" title=\"Facebook\" aria-label=\"Facebook\" rel=\"nofollow noopener\"><\/a><\/li>\n<li><a href=\"https:\/\/twitter.com\/intent\/tweet?url=https:\/\/www.correiobraziliense.com.br%2Fdiversao-e-arte%2F2025%2F10%2F7275667-quem-e-mais-famosa-sabrina-carpenter-ou-olivia-rodrigo-cariocas-respondem.html&amp;text=Quem+%C3%A9+mais+famosa%3A+Sabrina+Carpenter+ou+Olivia+Rodrigo%3F+Cariocas+respondem\" target=\"_blank\" title=\"Twitter\" aria-label=\"Twitter\" rel=\"nofollow noopener\"><\/a><\/li>\n<li><a href=\"https:\/\/profile.google.com\/cp\/CgovbS8wNzZ0dms1\" title=\"Google Discover\" target=\"_blank\" aria-label=\"Google Discover\" rel=\"nofollow noopener\"><img decoding=\"async\" src=\"https:\/\/www.europesays.com\/pt\/wp-content\/uploads\/2025\/10\/google-discover-icon.png\" style=\"height: 25px; margin: 0 !important; margin-left: 3px;\" alt=\"Google Discover Icon\"\/><\/a><\/li>\n<\/ul>\n<p>              <a href=\"https:\/\/www.correiobraziliense.com.br\/autor\/jessica-sousa\/page\/1\/\" style=\"height: 100%;\" rel=\"nofollow noopener\" target=\"_blank\"><img decoding=\"async\" class=\"hidden-print author-circle d-block h6 mt-0 mb-0 mr-6 text-center\" src=\"https:\/\/www.europesays.com\/pt\/wp-content\/uploads\/2025\/10\/whatsapp-image-2025-08-26-at-16-47-54-58882988.jpeg\" alt=\"\" width=\"40\" height=\"40\" loading=\"lazy\" style=\"object-fit:cover; width: 40px; height: 40px; margin-right:10px;\"\/><\/a><a href=\"https:\/\/www.correiobraziliense.com.br\/autor\/jessica-sousa\/page\/1\/\" rel=\"nofollow noopener\" target=\"_blank\"><img decoding=\"async\" class=\"hidden-print author-circle d-block h6 mt-0 mb-0 mr-6 text-center\" src=\"https:\/\/www.europesays.com\/pt\/wp-content\/uploads\/2025\/10\/whatsapp-image-2025-08-26-at-16-47-54-58882988.jpeg\" alt=\"\" width=\"40\" height=\"40\" loading=\"lazy\" style=\"object-fit:cover; width: 40px; height: 40px; margin-right:10px;\"\/><\/a>Jessica Sousa  <strong class=\"entryStrongAuthor\"\/><\/p>\n<p class=\"entryDescricaoAuthor\">Estudante de jornalismo e estagi\u00e1ria na equipe de Redes Sociais.  F\u00e3 de literatura, de fotografia e de m\u00fasica.<\/p>\n<p>                          <script async src=\"https:\/\/platform.twitter.com\/widgets.js\" charset=\"utf-8\"><\/script><\/p>\n","protected":false},"excerpt":{"rendered":"Quem \u00e9 mais famosa: Sabrina Carpenter ou Olivia Rodrigo? O influenciador Toca abordou pessoas na regi\u00e3o do Saara,&hellip;\n","protected":false},"author":2,"featured_media":121940,"comment_status":"","ping_status":"","sticky":false,"template":"","format":"standard","meta":{"footnotes":""},"categories":[141],"tags":[28258,27179,114,115,8605,149,150,28259,32,33,14016,2213],"class_list":{"0":"post-121939","1":"post","2":"type-post","3":"status-publish","4":"format-standard","5":"has-post-thumbnail","7":"category-musica","8":"tag-carpenter","9":"tag-enquete","10":"tag-entertainment","11":"tag-entretenimento","12":"tag-influenciador","13":"tag-music","14":"tag-musica","15":"tag-olivia","16":"tag-portugal","17":"tag-pt","18":"tag-rodrigo","19":"tag-sabrina"},"share_on_mastodon":{"url":"https:\/\/pubeurope.com\/@pt\/115418754301477991","error":""},"_links":{"self":[{"href":"https:\/\/www.europesays.com\/pt\/wp-json\/wp\/v2\/posts\/121939","targetHints":{"allow":["GET"]}}],"collection":[{"href":"https:\/\/www.europesays.com\/pt\/wp-json\/wp\/v2\/posts"}],"about":[{"href":"https:\/\/www.europesays.com\/pt\/wp-json\/wp\/v2\/types\/post"}],"author":[{"embeddable":true,"href":"https:\/\/www.europesays.com\/pt\/wp-json\/wp\/v2\/users\/2"}],"replies":[{"embeddable":true,"href":"https:\/\/www.europesays.com\/pt\/wp-json\/wp\/v2\/comments?post=121939"}],"version-history":[{"count":0,"href":"https:\/\/www.europesays.com\/pt\/wp-json\/wp\/v2\/posts\/121939\/revisions"}],"wp:featuredmedia":[{"embeddable":true,"href":"https:\/\/www.europesays.com\/pt\/wp-json\/wp\/v2\/media\/121940"}],"wp:attachment":[{"href":"https:\/\/www.europesays.com\/pt\/wp-json\/wp\/v2\/media?parent=121939"}],"wp:term":[{"taxonomy":"category","embeddable":true,"href":"https:\/\/www.europesays.com\/pt\/wp-json\/wp\/v2\/categories?post=121939"},{"taxonomy":"post_tag","embeddable":true,"href":"https:\/\/www.europesays.com\/pt\/wp-json\/wp\/v2\/tags?post=121939"}],"curies":[{"name":"wp","href":"https:\/\/api.w.org\/{rel}","templated":true}]}}