{"id":121946,"date":"2025-10-22T16:32:42","date_gmt":"2025-10-22T16:32:42","guid":{"rendered":"https:\/\/www.europesays.com\/pt\/121946\/"},"modified":"2025-10-22T16:32:42","modified_gmt":"2025-10-22T16:32:42","slug":"trump-nao-quer-perder-tempo-com-putin-e-cancela-reuniao-em-budapeste","status":"publish","type":"post","link":"https:\/\/www.europesays.com\/pt\/121946\/","title":{"rendered":"Trump n\u00e3o quer &#8220;perder tempo&#8221; com Putin e cancela reuni\u00e3o em Budapeste"},"content":{"rendered":"<p>O presidente dos EUA, Donald Trump, disse na ter\u00e7a-feira que o seu plano para uma reuni\u00e3o r\u00e1pida com o l\u00edder russo Vladimir Putin estava suspenso porque ele n\u00e3o queria que fosse uma \u201cperda de tempo\u201d, a mais recente reviravolta nos esfor\u00e7os intermitentes de Trump para resolver a guerra na Ucr\u00e2nia.<\/p>\n<p>A decis\u00e3o de adiar o encontro em Budapeste, na Hungria, que Trump tinha anunciado na semana passada, foi tomada na sequ\u00eancia de um telefonema na segunda-feira entre o secret\u00e1rio de Estado Marco Rubio e o ministro dos Neg\u00f3cios Estrangeiros russo, Sergey Lavrov.<\/p>\n<p>&#8220;N\u00e3o quero desperdi\u00e7ar uma reuni\u00e3o&#8221;, disse Trump. &#8220;N\u00e3o quero perder tempo, por isso vamos ver o que acontece&#8221;.<\/p>\n<p>Os coment\u00e1rios de Trump surgiram depois de Lavrov ter deixado claro que a R\u00fassia se op\u00f5e a um cessar-fogo imediato que Trump prop\u00f4s na semana passada, dizendo a jornalistas em Moscovo que isso iria contra o que os dois presidentes acordaram no Alasca em agosto.<\/p>\n<p>O Kremlin deixou claro que tamb\u00e9m n\u00e3o parece estar com pressa para reunir Trump e Putin novamente. O porta-voz Dmitry Peskov disse na ter\u00e7a-feira que &#8220;\u00e9 necess\u00e1ria uma prepara\u00e7\u00e3o, uma prepara\u00e7\u00e3o s\u00e9ria&#8221; antes de uma reuni\u00e3o.<\/p>\n<p>Anteriormente, um funcion\u00e1rio da Casa Branca tinha afirmado que &#8220;n\u00e3o havia planos&#8221; para o presidente dos EUA, Donald Trump, se encontrar com o seu hom\u00f3logo russo, Vladimir Putin, no futuro imediato.<\/p>\n<p>Trump e Putin reuniram-se pela \u00faltima vez no Alasca em agosto, mas o encontro n\u00e3o fez avan\u00e7ar as tentativas de Trump de p\u00f4r fim a uma guerra que come\u00e7ou com a invas\u00e3o total da R\u00fassia em fevereiro de 2022.<\/p>\n<p>Mudan\u00e7a de plano \u00e9 um al\u00edvio para os l\u00edderes da UE<\/p>\n<p>A \u00faltima mudan\u00e7a no plano para uma segunda reuni\u00e3o com Putin provavelmente ser\u00e1 um al\u00edvio para os l\u00edderes europeus, que acusam o l\u00edder russo de perder tempo com a diplomacia enquanto tenta ganhar terreno no campo de batalha.<\/p>\n<p>Os l\u00edderes \u2014 incluindo o primeiro-ministro brit\u00e2nico, o presidente franc\u00eas e o chanceler alem\u00e3o \u2014 afirmaram que se op\u00f5em a qualquer press\u00e3o para que a Ucr\u00e2nia entregue os territ\u00f3rios capturados pelas for\u00e7as russas em troca da paz, como Trump sugeriu recentemente.<\/p>\n<p>Tamb\u00e9m tencionam avan\u00e7ar com planos para utilizar milhares de milh\u00f5es de d\u00f3lares em ativos russos congelados para ajudar a financiar os esfor\u00e7os de guerra da Ucr\u00e2nia, apesar de algumas d\u00favidas sobre a legalidade e as consequ\u00eancias de tal medida.<\/p>\n<p>Uma reuni\u00e3o da Coliga\u00e7\u00e3o dos Dispostos \u2014 um grupo de 35 pa\u00edses que apoiam a Ucr\u00e2nia \u2014 est\u00e1 prevista para sexta-feira, em Londres.<\/p>\n<p>Ucr\u00e2nia quer m\u00edsseis Tomahawk dos EUA<\/p>\n<p>O presidente ucraniano, Volodymyr Zelenskyy, tem tentado refor\u00e7ar a posi\u00e7\u00e3o da Ucr\u00e2nia, procurando obter m\u00edsseis Tomahawk de longo alcance dos EUA, embora Trump tenha hesitado em fornec\u00ea-los.<\/p>\n<p>&#8220;Precisamos de acabar com esta guerra, e s\u00f3 a press\u00e3o levar\u00e1 \u00e0 paz&#8221;, disse Zelenskyy na ter\u00e7a-feira num post do Telegram.<\/p>\n<p>Ele observou que Putin voltou \u00e0 diplomacia e ligou para Trump na semana passada, quando parecia que os m\u00edsseis Tomahawk eram uma possibilidade. Mas \u201cassim que a press\u00e3o diminuiu um pouco, os russos come\u00e7aram a tentar abandonar a diplomacia e adiar o di\u00e1logo\u201d, disse Zelenskyy.<\/p>\n<p>Na quarta-feira, Trump dever\u00e1 manter conversa\u00e7\u00f5es na Casa Branca com o secret\u00e1rio-geral da NATO, Mark Rutte. A alian\u00e7a militar tem estado a coordenar o fornecimento de armas \u00e0 Ucr\u00e2nia, muitas delas compradas aos EUA pelo Canad\u00e1 e por pa\u00edses europeus.<\/p>\n<p>Como mudou a posi\u00e7\u00e3o de Trump sobre a guerra<\/p>\n<p>A ret\u00f3rica de Trump sobre a guerra da R\u00fassia contra a Ucr\u00e2nia tem mudado ao longo do ano em quest\u00f5es fundamentais, incluindo se um cessar-fogo deve preceder negocia\u00e7\u00f5es de paz de longo prazo e se a Ucr\u00e2nia poderia recuperar os territ\u00f3rios tomados pela R\u00fassia durante quase quatro anos de combates.<\/p>\n<p>Inicialmente focado em pressionar a Ucr\u00e2nia a fazer concess\u00f5es, o l\u00edder norte-americano ficou frustrado com a intransig\u00eancia de Putin. Trump frequentemente reclama que achava que seu bom relacionamento com o hom\u00f3logo russo teria facilitado o fim da guerra.<\/p>\n<p>Na segunda-feira, Trump disse que, embora ache poss\u00edvel que a Ucr\u00e2nia possa derrotar a R\u00fassia, agora duvida que isso aconte\u00e7a.<\/p>\n<p>E, em setembro, ele reverteu a sua posi\u00e7\u00e3o de longa data de que a Ucr\u00e2nia teria de ceder territ\u00f3rio e sugeriu que poderia reconquistar todo o territ\u00f3rio que perdeu para a R\u00fassia.<\/p>\n<p>Mas, ap\u00f3s uma chamada telef\u00f3nica com Putin na semana passada e uma reuni\u00e3o subsequente com Zelenskyy na sexta-feira, Trump mudou novamente a sua posi\u00e7\u00e3o e apelou a Kiev e Moscovo para \u201cpararem onde est\u00e3o\u201d e porem fim \u00e0 guerra.<\/p>\n<p>A R\u00fassia ocupa atualmente cerca de um quinto da Ucr\u00e2nia, mas dividir o pa\u00eds em troca da paz \u00e9 inaceit\u00e1vel para Kiev e os l\u00edderes da UE, que temem que isso apenas fortale\u00e7a a ambi\u00e7\u00e3o desmedida de Putin de conquistar territ\u00f3rios e talvez mais agress\u00f5es contra os Estados vizinhos.<\/p>\n","protected":false},"excerpt":{"rendered":"O presidente dos EUA, Donald Trump, disse na ter\u00e7a-feira que o seu plano para uma reuni\u00e3o r\u00e1pida com&hellip;\n","protected":false},"author":2,"featured_media":121947,"comment_status":"","ping_status":"","sticky":false,"template":"","format":"standard","meta":{"footnotes":""},"categories":[50],"tags":[27,28,92,7618,15,16,14,6390,25,26,21,22,62,12,13,19,20,23,24,839,17,18,29,30,31,2415,63,64,65],"class_list":{"0":"post-121946","1":"post","2":"type-post","3":"status-publish","4":"format-standard","5":"has-post-thumbnail","7":"category-mundo","8":"tag-breaking-news","9":"tag-breakingnews","10":"tag-donald-trump","11":"tag-estados-unidos-da-america","12":"tag-featured-news","13":"tag-featurednews","14":"tag-headlines","15":"tag-invasao-da-ucrania-pela-russia","16":"tag-latest-news","17":"tag-latestnews","18":"tag-main-news","19":"tag-mainnews","20":"tag-mundo","21":"tag-news","22":"tag-noticias","23":"tag-noticias-principais","24":"tag-noticiasprincipais","25":"tag-principais-noticias","26":"tag-principaisnoticias","27":"tag-russia","28":"tag-top-stories","29":"tag-topstories","30":"tag-ultimas","31":"tag-ultimas-noticias","32":"tag-ultimasnoticias","33":"tag-vladimir-putin","34":"tag-world","35":"tag-world-news","36":"tag-worldnews"},"share_on_mastodon":{"url":"https:\/\/pubeurope.com\/@pt\/115418781617719578","error":""},"_links":{"self":[{"href":"https:\/\/www.europesays.com\/pt\/wp-json\/wp\/v2\/posts\/121946","targetHints":{"allow":["GET"]}}],"collection":[{"href":"https:\/\/www.europesays.com\/pt\/wp-json\/wp\/v2\/posts"}],"about":[{"href":"https:\/\/www.europesays.com\/pt\/wp-json\/wp\/v2\/types\/post"}],"author":[{"embeddable":true,"href":"https:\/\/www.europesays.com\/pt\/wp-json\/wp\/v2\/users\/2"}],"replies":[{"embeddable":true,"href":"https:\/\/www.europesays.com\/pt\/wp-json\/wp\/v2\/comments?post=121946"}],"version-history":[{"count":0,"href":"https:\/\/www.europesays.com\/pt\/wp-json\/wp\/v2\/posts\/121946\/revisions"}],"wp:featuredmedia":[{"embeddable":true,"href":"https:\/\/www.europesays.com\/pt\/wp-json\/wp\/v2\/media\/121947"}],"wp:attachment":[{"href":"https:\/\/www.europesays.com\/pt\/wp-json\/wp\/v2\/media?parent=121946"}],"wp:term":[{"taxonomy":"category","embeddable":true,"href":"https:\/\/www.europesays.com\/pt\/wp-json\/wp\/v2\/categories?post=121946"},{"taxonomy":"post_tag","embeddable":true,"href":"https:\/\/www.europesays.com\/pt\/wp-json\/wp\/v2\/tags?post=121946"}],"curies":[{"name":"wp","href":"https:\/\/api.w.org\/{rel}","templated":true}]}}