{"id":121965,"date":"2025-10-22T16:52:14","date_gmt":"2025-10-22T16:52:14","guid":{"rendered":"https:\/\/www.europesays.com\/pt\/121965\/"},"modified":"2025-10-22T16:52:14","modified_gmt":"2025-10-22T16:52:14","slug":"presidente-da-carris-renuncia-ao-cargo","status":"publish","type":"post","link":"https:\/\/www.europesays.com\/pt\/121965\/","title":{"rendered":"Presidente da Carris renuncia ao cargo"},"content":{"rendered":"<p>&#13;<br \/>\n(em atualiza\u00e7\u00e3o)&#13;\n<\/p>\n<p>Numa nota \u00e0 comunica\u00e7\u00e3o social, a C\u00e2mara Municipal de Lisboa avan\u00e7ou que <b>Carlos Moedas esteve reunido com o presidente do Conselho de Administra\u00e7\u00e3o da Carris e que, nesse encontro, \u201cfoi apresentada a ren\u00fancia ao cargo\u201d<\/b> do presidente da empresa.<\/p>\n<p>A ren\u00fancia \u00e9 \u201cextens\u00edvel a todos os restantes elementos do Conselho de Administra\u00e7\u00e3o\u201d da Carris, adianta a mesma nota.&#13;\n<\/p>\n<p>\u201c<b>O presidente da C\u00e2mara Municipal de Lisboa compreende e aceita os motivos apresentados<\/b>, considerando fundamental a nomea\u00e7\u00e3o de uma nova Administra\u00e7\u00e3o, que ser\u00e1 apresentada oportunamente, para um novo mandato\u201d. <\/p>\n<p>Carlos Moedas destaca ainda \u201ca forma profissional e corajosa com que no momento mais duro do mandato, <b>na sequ\u00eancia do tr\u00e1gico acidente do Elevador da Gl\u00f3ria, o atual Conselho de Administra\u00e7\u00e3o defendeu os interesses da empresa<\/b> e, apesar de terem colocado o lugar \u00e0 disposi\u00e7\u00e3o desde a primeira hora, aceitaram manter-se em fun\u00e7\u00f5es\u201d, refere a nota.<\/p>\n<p>Segundo a C\u00e2mara da capital lisboeta, a atual administra\u00e7\u00e3o da Carris vai garantir a gest\u00e3o, dentro dos prazos e limites legais, at\u00e9 \u00e0 escolha de um novo presidente e Conselho de Administra\u00e7\u00e3o da empresa.  <\/p>\n<p>&#13;<br \/>\nO autarca quis ainda refor\u00e7ar a \u201cpreocupa\u00e7\u00e3o de querer restabelecer o mais depressa poss\u00edvel a total confian\u00e7a e credibilidade de uma empresa fundamental para a cidade de Lisboa\u201d.&#13;\n<\/p>\n<p>A ren\u00fancia acontece depois de, na segunda-feira, <b>terem sido conhecidas as conclus\u00f5es do relat\u00f3rio preliminar <\/b>do Gabinete de Preven\u00e7\u00e3o e Investiga\u00e7\u00e3o de Acidentes com Aeronaves e de Acidentes Ferrovi\u00e1rios (GPIAAF) <b>relativamente \u00e0 trag\u00e9dia com o elevador da Gl\u00f3ria<\/b>.<\/p>\n<p>O acidente aconteceu no dia 3 de setembro e provocou 16 mortos e duas dezenas de feridos, entre os quais portugueses e estrangeiros de v\u00e1rias nacionalidades.<\/p>\n<p>De acordo com o relat\u00f3rio, o cabo que unia as duas cabinas do elevador da Gl\u00f3ria e que cedeu no seu ponto de fixa\u00e7\u00e3o da carruagem que descarrilou <b>n\u00e3o respeitava as especifica\u00e7\u00f5es da Carris, nem estava certificado para uso em transporte de pessoas<\/b>.<br \/>&#13;<\/p>\n","protected":false},"excerpt":{"rendered":"&#13; (em atualiza\u00e7\u00e3o)&#13; Numa nota \u00e0 comunica\u00e7\u00e3o social, a C\u00e2mara Municipal de Lisboa avan\u00e7ou que Carlos Moedas esteve&hellip;\n","protected":false},"author":2,"featured_media":121966,"comment_status":"","ping_status":"","sticky":false,"template":"","format":"standard","meta":{"footnotes":""},"categories":[10],"tags":[27,28,17138,16269,15,16,14,25,26,797,21,22,12,13,19,20,28264,32,23,24,33,17,18,29,30,31],"class_list":{"0":"post-121965","1":"post","2":"type-post","3":"status-publish","4":"format-standard","5":"has-post-thumbnail","7":"category-portugal","8":"tag-breaking-news","9":"tag-breakingnews","10":"tag-carris","11":"tag-elevador-da-gloria","12":"tag-featured-news","13":"tag-featurednews","14":"tag-headlines","15":"tag-latest-news","16":"tag-latestnews","17":"tag-lisboa","18":"tag-main-news","19":"tag-mainnews","20":"tag-news","21":"tag-noticias","22":"tag-noticias-principais","23":"tag-noticiasprincipais","24":"tag-pedro-de-brito-bogas","25":"tag-portugal","26":"tag-principais-noticias","27":"tag-principaisnoticias","28":"tag-pt","29":"tag-top-stories","30":"tag-topstories","31":"tag-ultimas","32":"tag-ultimas-noticias","33":"tag-ultimasnoticias"},"share_on_mastodon":{"url":"https:\/\/pubeurope.com\/@pt\/115418860427412218","error":""},"_links":{"self":[{"href":"https:\/\/www.europesays.com\/pt\/wp-json\/wp\/v2\/posts\/121965","targetHints":{"allow":["GET"]}}],"collection":[{"href":"https:\/\/www.europesays.com\/pt\/wp-json\/wp\/v2\/posts"}],"about":[{"href":"https:\/\/www.europesays.com\/pt\/wp-json\/wp\/v2\/types\/post"}],"author":[{"embeddable":true,"href":"https:\/\/www.europesays.com\/pt\/wp-json\/wp\/v2\/users\/2"}],"replies":[{"embeddable":true,"href":"https:\/\/www.europesays.com\/pt\/wp-json\/wp\/v2\/comments?post=121965"}],"version-history":[{"count":0,"href":"https:\/\/www.europesays.com\/pt\/wp-json\/wp\/v2\/posts\/121965\/revisions"}],"wp:featuredmedia":[{"embeddable":true,"href":"https:\/\/www.europesays.com\/pt\/wp-json\/wp\/v2\/media\/121966"}],"wp:attachment":[{"href":"https:\/\/www.europesays.com\/pt\/wp-json\/wp\/v2\/media?parent=121965"}],"wp:term":[{"taxonomy":"category","embeddable":true,"href":"https:\/\/www.europesays.com\/pt\/wp-json\/wp\/v2\/categories?post=121965"},{"taxonomy":"post_tag","embeddable":true,"href":"https:\/\/www.europesays.com\/pt\/wp-json\/wp\/v2\/tags?post=121965"}],"curies":[{"name":"wp","href":"https:\/\/api.w.org\/{rel}","templated":true}]}}