{"id":121975,"date":"2025-10-22T17:05:10","date_gmt":"2025-10-22T17:05:10","guid":{"rendered":"https:\/\/www.europesays.com\/pt\/121975\/"},"modified":"2025-10-22T17:05:10","modified_gmt":"2025-10-22T17:05:10","slug":"observatorio-do-futebol-formacao-do-benfica-e-a-melhor-do-mundo","status":"publish","type":"post","link":"https:\/\/www.europesays.com\/pt\/121975\/","title":{"rendered":"Observat\u00f3rio do Futebol: forma\u00e7\u00e3o do Benfica \u00e9 a melhor do mundo"},"content":{"rendered":"<p>O Observat\u00f3rio do Futebol (CIES) lan\u00e7ou o seu relat\u00f3rio anual relativo \u00e0s melhores academias do mundo no futebol. Segundo os dados de 2024, o Benfica surge no topo considerando tr\u00eas vertentes.<\/p>\n<p>Uma \u00e9 a quantidade de jogadores lan\u00e7ados nas principais competi\u00e7\u00f5es. Em 49 Ligas dom\u00e9sticas analisadas pelo CIES, h\u00e1 93 atletas que jogaram pelo menos tr\u00eas anos no Benfica entre os seus 15 e 21 anos (considerado o per\u00edodo de forma\u00e7\u00e3o). Sporting tem 76,\u00a0 FC Porto 36 e Sp. Braga 30.\u00a0<\/p>\n<p>Outra vertente de an\u00e1lise s\u00e3o os minutos disputados em m\u00e9dia por cada atleta. Aqueles formados no Benfica jogaram 2.582 minutos em jogos oficiais no ano passado. Curiosamente, o FC Porto est\u00e1 \u00e0 frente das \u00e1guias aqui, com 2.602 minutos em m\u00e9dia.<\/p>\n<p>Por fim, o CIES teve em conta o \u00abn\u00edvel\u00bb de competi\u00e7\u00e3o em que esses jogadores atuaram, tendo em conta o prest\u00edgio das equipas e das Ligas. A\u00ed, o Benfica teve uma avalia\u00e7\u00e3o de 0,807, atr\u00e1s de Sporting (0,811) e FC Porto (0,821).\u00a0<\/p>\n<p>Tudo somado num \u00edndice final, deu a lideran\u00e7a ao Benfica com uma nota de 105,1, \u00e0 frente de Barcelona e River Plate, que completam o p\u00f3dio. O Sporting surge em sexto, logo atr\u00e1s de Ajax (4.\u00ba) e Boca Juniors (5.\u00ba) e o FC Porto em 60.\u00ba.\u00a0<\/p>\n","protected":false},"excerpt":{"rendered":"O Observat\u00f3rio do Futebol (CIES) lan\u00e7ou o seu relat\u00f3rio anual relativo \u00e0s melhores academias do mundo no futebol.&hellip;\n","protected":false},"author":2,"featured_media":121976,"comment_status":"","ping_status":"","sticky":false,"template":"","format":"standard","meta":{"footnotes":""},"categories":[87],"tags":[51,28265,135,282,8344,36,46,28266,32,33,47,34,134],"class_list":{"0":"post-121975","1":"post","2":"type-post","3":"status-publish","4":"format-standard","5":"has-post-thumbnail","7":"category-desporto","8":"tag-benfica","9":"tag-cies","10":"tag-desporto","11":"tag-fc-porto","12":"tag-formacao","13":"tag-liga","14":"tag-maisfutebol","15":"tag-observatorio-do-futebol","16":"tag-portugal","17":"tag-pt","18":"tag-pura-paixao","19":"tag-sporting","20":"tag-sports"},"share_on_mastodon":{"url":"https:\/\/pubeurope.com\/@pt\/115418911402832292","error":""},"_links":{"self":[{"href":"https:\/\/www.europesays.com\/pt\/wp-json\/wp\/v2\/posts\/121975","targetHints":{"allow":["GET"]}}],"collection":[{"href":"https:\/\/www.europesays.com\/pt\/wp-json\/wp\/v2\/posts"}],"about":[{"href":"https:\/\/www.europesays.com\/pt\/wp-json\/wp\/v2\/types\/post"}],"author":[{"embeddable":true,"href":"https:\/\/www.europesays.com\/pt\/wp-json\/wp\/v2\/users\/2"}],"replies":[{"embeddable":true,"href":"https:\/\/www.europesays.com\/pt\/wp-json\/wp\/v2\/comments?post=121975"}],"version-history":[{"count":0,"href":"https:\/\/www.europesays.com\/pt\/wp-json\/wp\/v2\/posts\/121975\/revisions"}],"wp:featuredmedia":[{"embeddable":true,"href":"https:\/\/www.europesays.com\/pt\/wp-json\/wp\/v2\/media\/121976"}],"wp:attachment":[{"href":"https:\/\/www.europesays.com\/pt\/wp-json\/wp\/v2\/media?parent=121975"}],"wp:term":[{"taxonomy":"category","embeddable":true,"href":"https:\/\/www.europesays.com\/pt\/wp-json\/wp\/v2\/categories?post=121975"},{"taxonomy":"post_tag","embeddable":true,"href":"https:\/\/www.europesays.com\/pt\/wp-json\/wp\/v2\/tags?post=121975"}],"curies":[{"name":"wp","href":"https:\/\/api.w.org\/{rel}","templated":true}]}}