{"id":121999,"date":"2025-10-22T17:25:20","date_gmt":"2025-10-22T17:25:20","guid":{"rendered":"https:\/\/www.europesays.com\/pt\/121999\/"},"modified":"2025-10-22T17:25:20","modified_gmt":"2025-10-22T17:25:20","slug":"tempestade-de-outono-a-caminho-da-europa-meteorologistas-esperam-ciclone-bomba","status":"publish","type":"post","link":"https:\/\/www.europesays.com\/pt\/121999\/","title":{"rendered":"Tempestade de outono a caminho da Europa: meteorologistas esperam &#8220;ciclone bomba&#8221;"},"content":{"rendered":"<p>Os meteorologistas alertam para uma poderosa tempestade que dever\u00e1 sofrer uma &#8220;bombog\u00e9nese&#8221; sobre o Atl\u00e2ntico ou na zona entre o Golfo da Biscaia, a Mancha e o Mar do Norte, deslocando-se depois para a Alemanha. S\u00e3o esperadas rajadas de vento de grande intensidade e chuvas fortes.<\/p>\n<p>J\u00e1 s\u00e3o esperadas fortes tempestades ao longo da costa atl\u00e2ntica francesa na noite de quarta-feira, informa o The Weather Channel. Por volta da meia-noite, o centro de baixa press\u00e3o chegar\u00e1 ao Canal da Mancha; espera-se que Espanha tamb\u00e9m seja afetada, com ventos fortes de at\u00e9 130 km\/h no Golfo da Biscaia.<\/p>\n<p>Por volta do meio-dia de quinta-feira, a tempestade continuar\u00e1 em dire\u00e7\u00e3o ao Mar do Norte. Prev\u00eaem-se ventos fortes com for\u00e7a de vendaval entre Gand e Amesterd\u00e3o. Ventos com for\u00e7a de vendaval ocorrer\u00e3o no oeste e sudoeste da Alemanha, com ventos com for\u00e7a de vendaval de at\u00e9 120 km\/h poss\u00edveis na Floresta Negra.<\/p>\n<p>No final da tarde de quinta-feira, prev\u00eaem-se fortes rajadas de vento at\u00e9 100 km\/h na metade ocidental da Alemanha.<\/p>\n<p>S\u00e3o esperadas rajadas de vento com for\u00e7a de vendaval at\u00e9 120 km\/h sobre Heligoland na manh\u00e3 de sexta-feira. Fortes rajadas de vento de oeste e noroeste atingir\u00e3o a costa do Mar do Norte. <strong>Em Hamburgo e Bremen, s\u00e3o poss\u00edveis rajadas de vento com for\u00e7a de vendaval at\u00e9 110 km\/h.<\/strong> O risco de tempestade na Alemanha est\u00e1 a aumentar.<\/p>\n<p>A tempestade atingir\u00e1 o seu pico na Alemanha ao meio-dia de sexta-feira. <strong>S\u00e3o agora poss\u00edveis fortes rajadas de vento de cerca de 100 km\/h em todo o pa\u00eds, com alguns modelos meteorol\u00f3gicos a alertarem para rajadas de vento at\u00e9 160 km\/h<\/strong>. Existe o risco de tempestades de Sylt a Hamburgo.<\/p>\n<p>A tempestade vai recuar lentamente na sexta-feira \u00e0 noite, mas a costa ainda est\u00e1 em risco de tempestade at\u00e9 s\u00e1bado \u00e0 noite.<\/p>\n<p>Tempestade atinge Espanha<\/p>\n<p>A passagem de v\u00e1rias tempestades atl\u00e2nticas manter\u00e1 nesta quarta-feira a instabilidade em grande parte do norte do territ\u00f3rio continental espanhol, com especial incid\u00eancia na Galiza, onde a Ag\u00eancia Estatal de Meteorologia (Aemet) mant\u00e9m ativo o alerta laranja por fen\u00f3menos costeiros e chuvas fortes.<\/p>\n<p>Para quinta-feira, 23 de outubro, a ag\u00eancia meteorol\u00f3gica ativou o n\u00edvel m\u00e1ximo de alerta, o vermelho, devido a fen\u00f3menos costeiros e ventos na costa da Cant\u00e1bria, costa de Biscaia e costa de Guip\u00fascoa.<\/p>\n<p>As ondas podem ultrapassar os quatro metros e a precipita\u00e7\u00e3o os 200 litros por metro quadrado em algumas zonas da costa. Tamb\u00e9m h\u00e1 avisos amarelos por vento e chuva nas Ast\u00farias, Cant\u00e1bria, La Rioja e Castela e Le\u00e3o. De acordo com a Aemet, a passagem das tempestades deixar\u00e1 nos pr\u00f3ximos dias acumula\u00e7\u00f5es de at\u00e9 300 litros por metro quadrado em pontos de Pontevedra, enquanto Orense e Lugo ultrapassar\u00e3o os 100.<\/p>\n<p>Em contraste, o sul e o leste de Espanha viver\u00e3o um epis\u00f3dio de calor invulgar para esta \u00e9poca do ano, com m\u00e1ximas entre 30 e 34 graus em C\u00f3rdoba, Sevilha, M\u00farcia e Val\u00eancia. Os especialistas explicam que este fen\u00f3meno se deve \u00e0 entrada de ar subtropical muito h\u00famido, arrastado por um intenso jato polar que deslocou o anticiclone para norte.<\/p>\n<p>Bombog\u00e9nese: o que \u00e9?<\/p>\n<p>O que \u00e9 uma bombog\u00e9nese? O termo meteorol\u00f3gico refere-se \u00e0 r\u00e1pida intensifica\u00e7\u00e3o de uma zona de baixa press\u00e3o extratropical, na qual a press\u00e3o atmosf\u00e9rica no centro da baixa desce pelo menos 24 hectopascals (hPa) em 24 horas.<\/p>\n<p>Esta queda r\u00e1pida da press\u00e3o atmosf\u00e9rica d\u00e1 origem a uma tempestade extremamente forte, frequentemente designada por &#8220;ciclone bomba&#8221;. Este tipo de tempestades traz ventos violentos, precipita\u00e7\u00e3o intensa e pode conduzir a fen\u00f3menos meteorol\u00f3gicos significativos, como tempestades e inunda\u00e7\u00f5es.<\/p>\n<p><strong>Eis alguns conselhos sobre medidas de precau\u00e7\u00e3o:<\/strong><\/p>\n<p>Proteja o mobili\u00e1rio de exterior, os objetos soltos e os materiais de constru\u00e7\u00e3o.<\/p>\n<p>Evite estacionar debaixo de \u00e1rvores de grande porte ou de estruturas inst\u00e1veis.<\/p>\n<p>Adie os planos de viagem para regi\u00f5es onde as rajadas de vento podem atingir a for\u00e7a de um furac\u00e3o.<\/p>\n<p>Os caminhantes devem evitar florestas e caminhos de montanha.<\/p>\n<p>A partir de sexta-feira, a depress\u00e3o da tempestade deslocar-se-\u00e1 mais para a Escandin\u00e1via e trar\u00e1 ar frio do Oceano \u00c1rtico para a Alemanha. As temperaturas na Alemanha descer\u00e3o significativamente, situando-se entre os 9 e os 14 graus. Os flocos de neve cair\u00e3o nos Alpes e nos picos da Floresta da Baviera. De acordo com a DWD, a linha de neve descer\u00e1 para cerca de 1200 a 1300 metros.<\/p>\n","protected":false},"excerpt":{"rendered":"Os meteorologistas alertam para uma poderosa tempestade que dever\u00e1 sofrer uma &#8220;bombog\u00e9nese&#8221; sobre o Atl\u00e2ntico ou na zona&hellip;\n","protected":false},"author":2,"featured_media":122000,"comment_status":"","ping_status":"","sticky":false,"template":"","format":"standard","meta":{"footnotes":""},"categories":[50],"tags":[27,28,21354,15,16,20336,14,25,26,21,22,62,12,13,19,20,23,24,20982,17,18,29,30,31,63,64,65],"class_list":{"0":"post-121999","1":"post","2":"type-post","3":"status-publish","4":"format-standard","5":"has-post-thumbnail","7":"category-mundo","8":"tag-breaking-news","9":"tag-breakingnews","10":"tag-ciclone","11":"tag-featured-news","12":"tag-featurednews","13":"tag-furacao","14":"tag-headlines","15":"tag-latest-news","16":"tag-latestnews","17":"tag-main-news","18":"tag-mainnews","19":"tag-mundo","20":"tag-news","21":"tag-noticias","22":"tag-noticias-principais","23":"tag-noticiasprincipais","24":"tag-principais-noticias","25":"tag-principaisnoticias","26":"tag-tempestade","27":"tag-top-stories","28":"tag-topstories","29":"tag-ultimas","30":"tag-ultimas-noticias","31":"tag-ultimasnoticias","32":"tag-world","33":"tag-world-news","34":"tag-worldnews"},"share_on_mastodon":{"url":"https:\/\/pubeurope.com\/@pt\/115418990048085499","error":""},"_links":{"self":[{"href":"https:\/\/www.europesays.com\/pt\/wp-json\/wp\/v2\/posts\/121999","targetHints":{"allow":["GET"]}}],"collection":[{"href":"https:\/\/www.europesays.com\/pt\/wp-json\/wp\/v2\/posts"}],"about":[{"href":"https:\/\/www.europesays.com\/pt\/wp-json\/wp\/v2\/types\/post"}],"author":[{"embeddable":true,"href":"https:\/\/www.europesays.com\/pt\/wp-json\/wp\/v2\/users\/2"}],"replies":[{"embeddable":true,"href":"https:\/\/www.europesays.com\/pt\/wp-json\/wp\/v2\/comments?post=121999"}],"version-history":[{"count":0,"href":"https:\/\/www.europesays.com\/pt\/wp-json\/wp\/v2\/posts\/121999\/revisions"}],"wp:featuredmedia":[{"embeddable":true,"href":"https:\/\/www.europesays.com\/pt\/wp-json\/wp\/v2\/media\/122000"}],"wp:attachment":[{"href":"https:\/\/www.europesays.com\/pt\/wp-json\/wp\/v2\/media?parent=121999"}],"wp:term":[{"taxonomy":"category","embeddable":true,"href":"https:\/\/www.europesays.com\/pt\/wp-json\/wp\/v2\/categories?post=121999"},{"taxonomy":"post_tag","embeddable":true,"href":"https:\/\/www.europesays.com\/pt\/wp-json\/wp\/v2\/tags?post=121999"}],"curies":[{"name":"wp","href":"https:\/\/api.w.org\/{rel}","templated":true}]}}