{"id":122027,"date":"2025-10-22T17:48:20","date_gmt":"2025-10-22T17:48:20","guid":{"rendered":"https:\/\/www.europesays.com\/pt\/122027\/"},"modified":"2025-10-22T17:48:20","modified_gmt":"2025-10-22T17:48:20","slug":"ha-mais-um-clube-da-premier-league-interessado-em-samu-aghehowa","status":"publish","type":"post","link":"https:\/\/www.europesays.com\/pt\/122027\/","title":{"rendered":"H\u00e1 mais um clube da Premier League interessado em Samu Aghehowa"},"content":{"rendered":"<p>&#8211; Advertisement &#8211;<\/p>\n<p><strong>O Tottenham est\u00e1 interessado em Samu Aghehowa. FC Porto aceita valor bem inferior \u00e0 cl\u00e1usula de rescis\u00e3o do avan\u00e7ado espanhol.<\/strong><\/p>\n<p>Samu Aghehowa est\u00e1 na lista de poss\u00edveis alvos do Tottenham, garante o TBRFootball. A mesma fonte refere que os Spurs olham com interesse para o avan\u00e7ado do FC Porto, que tem uma cl\u00e1usula de rescis\u00e3o de 100 milh\u00f5es de euros. <\/p>\n<p>O FC Porto pode, no entanto, aceitar negociar um valor bem inferior \u00e0 cl\u00e1usula de rescis\u00e3o, conforme diz a fonte. Samu Aghehowa continua assim a ser associado a clubes da Premier League, tendo j\u00e1 sido<a href=\"https:\/\/bolanarede.pt\/especial-bola-na-rede\/atualidade\/atencao-fc-porto-equipa-da-premier-league-interessada-em-samu-aghehowa\/\" target=\"_blank\" rel=\"noreferrer noopener nofollow\"> apontado tamb\u00e9m ao Chelsea.<\/a><\/p>\n<p>Samu Aghehowa cumpre a sua segunda \u00e9poca ao servi\u00e7o da equipa do Drag\u00e3o, depois de ter sido comprado ao Atl\u00e9tico Madrid. Esta \u00e9poca soma nove encontros, com oito golos marcados,<a href=\"https:\/\/bolanarede.pt\/especial-bola-na-rede\/atualidade\/ja-e-conhecido-o-proximo-adversario-do-fc-porto-na-taca-de-portugal\/\" target=\"_blank\" rel=\"noreferrer noopener nofollow\">\u00a0tr\u00eas deles frente ao Celoricense<\/a>, na terceira eliminat\u00f3ria da Ta\u00e7a de Portugal.<\/p>\n<blockquote class=\"twitter-tweet\" data-width=\"550\" data-dnt=\"true\">\n<p lang=\"en\" dir=\"ltr\">\ud83d\udea8 Porto&#8217;s Spanish striker Samuel &#8216;Samu&#8217; Omorodion Aghehowa is on Tottenham&#8217;s list of transfer targets.<\/p>\n<p>His release clause is \u00a387M but would be available for much less than that fee owing to Porto\u2019s financial position.<\/p>\n<p>The 21-year old has scored 8 goals in 9 games for Porto\u2026 <a href=\"https:\/\/t.co\/lfOKZCyEBt\" rel=\"nofollow\">pic.twitter.com\/lfOKZCyEBt<\/a><\/p>\n<p>\u2014 Transfer News Live (@DeadlineDayLive) <a href=\"https:\/\/twitter.com\/DeadlineDayLive\/status\/1980560187481018629?ref_src=twsrc%5Etfw\" rel=\"nofollow noopener\" target=\"_blank\">October 21, 2025<\/a><\/p><\/blockquote>\n<p><script async src=\"https:\/\/platform.twitter.com\/widgets.js\" charset=\"utf-8\"><\/script><\/p>\n","protected":false},"excerpt":{"rendered":"&#8211; Advertisement &#8211; O Tottenham est\u00e1 interessado em Samu Aghehowa. FC Porto aceita valor bem inferior \u00e0 cl\u00e1usula&hellip;\n","protected":false},"author":2,"featured_media":122028,"comment_status":"","ping_status":"","sticky":false,"template":"","format":"standard","meta":{"footnotes":""},"categories":[87],"tags":[260,135,282,32,666,33,4424,134,3975],"class_list":{"0":"post-122027","1":"post","2":"type-post","3":"status-publish","4":"format-standard","5":"has-post-thumbnail","7":"category-desporto","8":"tag-atualidade","9":"tag-desporto","10":"tag-fc-porto","11":"tag-portugal","12":"tag-premier-league","13":"tag-pt","14":"tag-samu-aghehowa","15":"tag-sports","16":"tag-tottenham"},"share_on_mastodon":{"url":"https:\/\/pubeurope.com\/@pt\/115419080502692786","error":""},"_links":{"self":[{"href":"https:\/\/www.europesays.com\/pt\/wp-json\/wp\/v2\/posts\/122027","targetHints":{"allow":["GET"]}}],"collection":[{"href":"https:\/\/www.europesays.com\/pt\/wp-json\/wp\/v2\/posts"}],"about":[{"href":"https:\/\/www.europesays.com\/pt\/wp-json\/wp\/v2\/types\/post"}],"author":[{"embeddable":true,"href":"https:\/\/www.europesays.com\/pt\/wp-json\/wp\/v2\/users\/2"}],"replies":[{"embeddable":true,"href":"https:\/\/www.europesays.com\/pt\/wp-json\/wp\/v2\/comments?post=122027"}],"version-history":[{"count":0,"href":"https:\/\/www.europesays.com\/pt\/wp-json\/wp\/v2\/posts\/122027\/revisions"}],"wp:featuredmedia":[{"embeddable":true,"href":"https:\/\/www.europesays.com\/pt\/wp-json\/wp\/v2\/media\/122028"}],"wp:attachment":[{"href":"https:\/\/www.europesays.com\/pt\/wp-json\/wp\/v2\/media?parent=122027"}],"wp:term":[{"taxonomy":"category","embeddable":true,"href":"https:\/\/www.europesays.com\/pt\/wp-json\/wp\/v2\/categories?post=122027"},{"taxonomy":"post_tag","embeddable":true,"href":"https:\/\/www.europesays.com\/pt\/wp-json\/wp\/v2\/tags?post=122027"}],"curies":[{"name":"wp","href":"https:\/\/api.w.org\/{rel}","templated":true}]}}